{"id":5187,"date":"2026-08-29T14:47:57","date_gmt":"2026-08-29T17:47:57","guid":{"rendered":"https:\/\/www.habaut.com.br\/blog\/?p=5187"},"modified":"2026-08-29T14:47:57","modified_gmt":"2026-08-29T17:47:57","slug":"trabalho-feriado-7-setembro","status":"publish","type":"post","link":"https:\/\/www.habaut.com.br\/blog\/trabalho-feriado-7-setembro\/","title":{"rendered":"Trabalho no feriado de 7 de Setembro: o que a regra exige"},"content":{"rendered":"<p><strong>Trabalho no feriado de 7 de Setembro de 2026 n\u00e3o se resolve com um \u201csim\u201d ou \u201cn\u00e3o\u201d igual para toda loja.<\/strong> No com\u00e9rcio em geral, a abertura depende da atividade, da conven\u00e7\u00e3o coletiva e da regra municipal. Para quem vai trabalhar, ainda existe uma segunda pergunta: como ficam a folga, o pagamento e as condi\u00e7\u00f5es previstas para aquela categoria?<\/p>\n<div style=\"background:#f8fafc; border:1px solid #cbd5e1; border-radius:12px; padding:16px 18px; margin:20px 0;\">\n<p style=\"margin:0 0 10px 0; font-size:18px; font-weight:700; color:#1f2937;\">Resumo r\u00e1pido<\/p>\n<ul style=\"margin:0; padding-left:20px;\">\n<li>7 de Setembro de 2026 cai em uma segunda-feira e \u00e9 feriado nacional.<\/li>\n<li>No com\u00e9rcio em geral, o trabalho no feriado exige autoriza\u00e7\u00e3o em conven\u00e7\u00e3o coletiva e respeito \u00e0 legisla\u00e7\u00e3o municipal.<\/li>\n<li>Algumas atividades t\u00eam autoriza\u00e7\u00e3o permanente prevista na Portaria MTE n\u00ba 1.316\/2026, mas isso n\u00e3o elimina direitos trabalhistas nem regras locais.<\/li>\n<li>Antes da convoca\u00e7\u00e3o, RH e opera\u00e7\u00e3o precisam documentar qual regra autoriza a abertura e qual compensa\u00e7\u00e3o ser\u00e1 aplicada.<\/li>\n<\/ul>\n<\/div>\n<h2>Trabalho no feriado de 7 de Setembro de 2026: o que mudou?<\/h2>\n<p>A regra central n\u00e3o nasceu neste feriado. A <a href=\"https:\/\/www.planalto.gov.br\/ccivil_03\/leis\/l10101.htm\" title=\"Consultar a Lei n\u00ba 10.101 sobre trabalho em feriados no com\u00e9rcio\" aria-label=\"Consultar a Lei n\u00ba 10.101 sobre trabalho em feriados no com\u00e9rcio\" target=\"_blank\" rel=\"nofollow noopener noreferrer\">Lei n\u00ba 10.101<\/a> j\u00e1 determina que o trabalho em feriados nas atividades do com\u00e9rcio em geral depende de autoriza\u00e7\u00e3o em conven\u00e7\u00e3o coletiva e da legisla\u00e7\u00e3o municipal.<\/p>\n<p>O fato novo de 2026 \u00e9 a <a href=\"https:\/\/www.gov.br\/trabalho-e-emprego\/pt-br\/noticias-e-conteudo\/2026\/julho\/portaria-regulamenta-o-trabalho-no-comercio-durante-os-feriados\" title=\"Ler a explica\u00e7\u00e3o oficial do MTE sobre a Portaria n\u00ba 1.316 de 2026\" aria-label=\"Ler a explica\u00e7\u00e3o oficial do MTE sobre a Portaria n\u00ba 1.316 de 2026\" target=\"_blank\" rel=\"nofollow noopener noreferrer\">Portaria MTE n\u00ba 1.316<\/a>. Ela reorganizou as autoriza\u00e7\u00f5es permanentes e deixou claro que o com\u00e9rcio em geral precisa da negocia\u00e7\u00e3o coletiva, exceto nas atividades listadas no ato normativo.<\/p>\n<blockquote style=\"border-left:4px solid #0b6bcb; margin:18px 0; padding:14px 18px; background:#f3f8ff; color:#1f2933;\"><p>\n  <strong>Cuidado com a frase \u201ca nova regra liberou o com\u00e9rcio\u201d:<\/strong> a portaria n\u00e3o criou uma autoriza\u00e7\u00e3o nacional e autom\u00e1tica para qualquer loja abrir. A atividade econ\u00f4mica, a conven\u00e7\u00e3o aplic\u00e1vel e a norma municipal continuam relevantes.\n<\/p><\/blockquote>\n<div style=\"background:#fffaf0; border:1px solid #f2d28b; border-radius:12px; padding:16px 18px; margin:20px 0;\">\n<p style=\"margin:0 0 8px 0; font-weight:700; color:#5f4300;\">Nota editorial<\/p>\n<p style=\"margin:0;\">Fontes conferidas em 29 de agosto de 2026. Este conte\u00fado \u00e9 educativo e n\u00e3o substitui a leitura da conven\u00e7\u00e3o coletiva, da norma municipal nem orienta\u00e7\u00e3o jur\u00eddica para um caso concreto.<\/p>\n<\/div>\n<h2>A loja pode abrir no dia 7 de Setembro?<\/h2>\n<p>Pode haver autoriza\u00e7\u00e3o, mas a resposta precisa ser constru\u00edda em etapas. O nome na fachada n\u00e3o basta. Uma farm\u00e1cia, um restaurante e uma loja de roupas podem estar no mesmo shopping e seguir caminhos diferentes porque a atividade e o instrumento coletivo n\u00e3o s\u00e3o os mesmos.<\/p>\n<p>O ponto de partida \u00e9 confirmar o enquadramento econ\u00f4mico real do estabelecimento. Depois, verificar se a atividade aparece entre as autoriza\u00e7\u00f5es permanentes da portaria. O MTE cita, entre outros exemplos, padarias, farm\u00e1cias, floristas, postos de combust\u00edveis, hot\u00e9is, restaurantes, bares, feiras livres, lavanderias e servi\u00e7os funer\u00e1rios.<\/p>\n<p><strong>Estar na lista de autoriza\u00e7\u00e3o permanente n\u00e3o significa ignorar o restante.<\/strong> A empresa ainda precisa conferir as condi\u00e7\u00f5es trabalhistas da categoria, a legisla\u00e7\u00e3o local, o funcionamento do estabelecimento e outras exig\u00eancias que incidam sobre a opera\u00e7\u00e3o.<\/p>\n<h2>\u00c1rvore de decis\u00e3o em quatro passos<\/h2>\n<ol>\n<li><strong>Identifique a atividade econ\u00f4mica aplic\u00e1vel:<\/strong> confirme o enquadramento do estabelecimento e n\u00e3o presuma a resposta pelo produto mais vendido naquele dia.<\/li>\n<li><strong>Consulte a Portaria MTE n\u00ba 1.316\/2026:<\/strong> verifique se a atividade est\u00e1 entre as autoriza\u00e7\u00f5es permanentes ou se depende da negocia\u00e7\u00e3o coletiva.<\/li>\n<li><strong>Leia a conven\u00e7\u00e3o coletiva vigente:<\/strong> confira abrang\u00eancia territorial, categorias representadas, prazo de validade, regras de ades\u00e3o, jornada, benef\u00edcios e compensa\u00e7\u00e3o.<\/li>\n<li><strong>Cheque a legisla\u00e7\u00e3o municipal:<\/strong> hor\u00e1rios, licen\u00e7as e restri\u00e7\u00f5es locais podem alterar o funcionamento, mesmo quando existe autoriza\u00e7\u00e3o trabalhista.<\/li>\n<\/ol>\n<div style=\"background:#f8fafc; border:1px solid #dbe3ea; border-radius:12px; padding:16px 18px; margin:20px 0;\">\n<p style=\"margin:0 0 10px 0; font-size:18px; font-weight:700; color:#1f2937;\">Antes de convocar a equipe<\/p>\n<p style=\"margin:0;\">Se o RH n\u00e3o consegue mostrar qual atividade, qual cl\u00e1usula coletiva e qual regra local sustentam a abertura, a decis\u00e3o ainda n\u00e3o est\u00e1 pronta. \u201cTodo mundo abre\u201d n\u00e3o \u00e9 evid\u00eancia.<\/p>\n<\/div>\n<h2>Cen\u00e1rios que pedem leituras diferentes<\/h2>\n<table>\n<thead>\n<tr>\n<th>Situa\u00e7\u00e3o<\/th>\n<th>Primeira verifica\u00e7\u00e3o<\/th>\n<th>Risco comum<\/th>\n<\/tr>\n<\/thead>\n<tbody>\n<tr>\n<td>Loja de roupas<\/td>\n<td>Conven\u00e7\u00e3o coletiva e regra municipal<\/td>\n<td>Tratar a abertura do shopping como autoriza\u00e7\u00e3o suficiente para cada empregador<\/td>\n<\/tr>\n<tr>\n<td>Farm\u00e1cia<\/td>\n<td>Autoriza\u00e7\u00e3o permanente, enquadramento e condi\u00e7\u00f5es da categoria<\/td>\n<td>Confundir permiss\u00e3o de funcionamento com dispensa de compensa\u00e7\u00e3o e direitos<\/td>\n<\/tr>\n<tr>\n<td>Restaurante ou bar<\/td>\n<td>Atividade listada, escala e instrumento coletivo aplic\u00e1vel<\/td>\n<td>Copiar a regra de outra categoria ou de outro munic\u00edpio<\/td>\n<\/tr>\n<tr>\n<td>Estabelecimento com atividades mistas<\/td>\n<td>Enquadramento real e orienta\u00e7\u00e3o especializada quando houver d\u00favida<\/td>\n<td>Escolher a regra mais conveniente sem validar a atividade predominante<\/td>\n<\/tr>\n<\/tbody>\n<\/table>\n<p>Esse cuidado combina com um <a href=\"https:\/\/www.habaut.com.br\/blog\/calendario-de-rh-2026\/\" title=\"Ver o calend\u00e1rio de RH 2026 para planejar datas e obriga\u00e7\u00f5es\" aria-label=\"Ver o calend\u00e1rio de RH 2026 para planejar datas e obriga\u00e7\u00f5es\">calend\u00e1rio de RH usado como ferramenta de decis\u00e3o<\/a>, n\u00e3o como lista decorativa. Feriado, escala e comunica\u00e7\u00e3o precisam entrar no planejamento antes de virarem urg\u00eancia no grupo da equipe.<\/p>\n<h2>Autoriza\u00e7\u00e3o para abrir n\u00e3o define sozinha o pagamento<\/h2>\n<p>A primeira pergunta \u00e9 se o estabelecimento pode operar. A segunda \u00e9 como o trabalho ser\u00e1 compensado. Misturar as duas costuma produzir mensagens incompletas, como \u201ca loja est\u00e1 autorizada, ent\u00e3o a jornada ser\u00e1 normal\u201d.<\/p>\n<p>A <a href=\"https:\/\/www.tst.jus.br\/documents\/10157\/63003\/Livro-Internet.pdf\" title=\"Consultar a S\u00famula 146 no livro oficial de s\u00famulas do TST\" aria-label=\"Consultar a S\u00famula 146 no livro oficial de s\u00famulas do TST\" target=\"_blank\" rel=\"nofollow noopener noreferrer\">S\u00famula 146 do TST<\/a> estabelece que o trabalho prestado em domingos e feriados, quando n\u00e3o compensado, deve ser pago em dobro, sem preju\u00edzo da remunera\u00e7\u00e3o do repouso semanal. A conven\u00e7\u00e3o coletiva pode detalhar folga, adicional, alimenta\u00e7\u00e3o, transporte, jornada m\u00e1xima e outras condi\u00e7\u00f5es.<\/p>\n<p>Por isso, RH n\u00e3o deve prometer pagamento em dobro ou folga sem ler o instrumento aplic\u00e1vel, nem esconder a regra at\u00e9 o fechamento da folha. A pessoa precisa saber antes da escala o que acontecer\u00e1, quando e de que forma.<\/p>\n<blockquote style=\"border-left:4px solid #a16207; margin:18px 0; padding:14px 18px; background:#fffbeb; color:#3f2d0b;\"><p>\n  <strong>Regra pr\u00e1tica:<\/strong> documente separadamente a base para abrir, a escala de quem trabalha e a forma de compensa\u00e7\u00e3o. Uma evid\u00eancia n\u00e3o substitui a outra.\n<\/p><\/blockquote>\n<h2>Checklist de convoca\u00e7\u00e3o para RH e opera\u00e7\u00e3o<\/h2>\n<div style=\"background:#f8fafc; border:1px solid #dbe3ea; border-radius:12px; padding:16px 18px; margin:20px 0;\">\n<p style=\"margin:0 0 10px 0; font-size:18px; font-weight:700; color:#1f2937;\">Sete pontos verific\u00e1veis<\/p>\n<ul style=\"margin:0; padding-left:20px;\">\n<li>atividade econ\u00f4mica e estabelecimento abrangidos;<\/li>\n<li>autoriza\u00e7\u00e3o permanente ou conven\u00e7\u00e3o coletiva aplic\u00e1vel;<\/li>\n<li>abrang\u00eancia territorial e validade do instrumento;<\/li>\n<li>legisla\u00e7\u00e3o e hor\u00e1rio permitidos no munic\u00edpio;<\/li>\n<li>escala, intervalos, transporte e alimenta\u00e7\u00e3o;<\/li>\n<li>folga, pagamento ou condi\u00e7\u00e3o mais favor\u00e1vel prevista;<\/li>\n<li>comunica\u00e7\u00e3o registrada e canal para d\u00favidas da equipe.<\/li>\n<\/ul>\n<\/div>\n<p>Vale integrar esse checklist ao acompanhamento de <a href=\"https:\/\/www.habaut.com.br\/blog\/dados-rh-prevencao-problemas-trabalhistas\/\" title=\"Entender como dados de RH ajudam a prevenir problemas trabalhistas\" aria-label=\"Entender como dados de RH ajudam a prevenir problemas trabalhistas\">dados de RH para prevenir problemas trabalhistas<\/a>. Escalas alteradas, folgas n\u00e3o registradas e d\u00favidas repetidas s\u00e3o sinais operacionais, n\u00e3o apenas ru\u00eddo administrativo.<\/p>\n<h2>O que a pessoa convocada deve perguntar?<\/h2>\n<p>Uma conversa objetiva reduz conflito e evita que a d\u00favida vire confronto no dia anterior ao feriado. A pessoa pode pedir a regra de forma simples:<\/p>\n<div style=\"background:#f3f8ff; border:1px solid #bfdbfe; border-radius:12px; padding:16px 18px; margin:20px 0;\">\n<p style=\"margin:0 0 8px 0; font-weight:700; color:#1e3a8a;\">Exemplo de mensagem<\/p>\n<p style=\"margin:0;\">\u201cVoc\u00ea pode me informar qual conven\u00e7\u00e3o ou regra se aplica ao trabalho de 7 de Setembro, qual ser\u00e1 minha jornada e como ficar\u00e1 a compensa\u00e7\u00e3o? Quero organizar meu transporte e confirmar a escala corretamente.\u201d<\/p>\n<\/div>\n<p>Tamb\u00e9m \u00e9 razo\u00e1vel confirmar hor\u00e1rio, intervalo, alimenta\u00e7\u00e3o, transporte e data da folga, quando houver. Se a resposta continuar vaga, o sindicato da categoria, a Superintend\u00eancia Regional do Trabalho ou uma orienta\u00e7\u00e3o jur\u00eddica individual podem ajudar a interpretar o caso.<\/p>\n<p>O mesmo princ\u00edpio vale para outros direitos: entender a regra concreta \u00e9 melhor do que depender de frases gen\u00e9ricas. O guia sobre <a href=\"https:\/\/www.habaut.com.br\/blog\/ferias-e-quais-os-direitos-trabalhistas\/\" title=\"Consultar o guia Habaut sobre f\u00e9rias e direitos trabalhistas\" aria-label=\"Consultar o guia Habaut sobre f\u00e9rias e direitos trabalhistas\">f\u00e9rias e direitos trabalhistas<\/a> segue essa l\u00f3gica de separar regra, condi\u00e7\u00e3o e aplica\u00e7\u00e3o pr\u00e1tica.<\/p>\n<h2>Erros que aumentam o risco<\/h2>\n<ul>\n<li><strong>Copiar a escala de outra unidade:<\/strong> munic\u00edpio, categoria e conven\u00e7\u00e3o podem ser diferentes.<\/li>\n<li><strong>Usar not\u00edcia como autoriza\u00e7\u00e3o:<\/strong> a mat\u00e9ria explica a norma, mas a empresa precisa conferir o texto aplic\u00e1vel ao seu caso.<\/li>\n<li><strong>Comunicar s\u00f3 o hor\u00e1rio:<\/strong> jornada sem informa\u00e7\u00e3o sobre compensa\u00e7\u00e3o deixa a decis\u00e3o incompleta.<\/li>\n<li><strong>Tratar sil\u00eancio como concord\u00e2ncia:<\/strong> pessoas podem n\u00e3o perguntar por receio da hierarquia.<\/li>\n<li><strong>Confundir domingo e feriado:<\/strong> a pr\u00f3pria Portaria n\u00ba 1.316 informa que a mudan\u00e7a se refere aos feriados; domingos seguem disciplina pr\u00f3pria.<\/li>\n<\/ul>\n<h2>Perguntas frequentes<\/h2>\n<h3>Toda loja pode abrir no 7 de Setembro de 2026?<\/h3>\n<p>N\u00e3o existe uma autoriza\u00e7\u00e3o \u00fanica para toda loja. No com\u00e9rcio em geral, \u00e9 preciso verificar a atividade, a conven\u00e7\u00e3o coletiva e a legisla\u00e7\u00e3o municipal. Algumas atividades t\u00eam autoriza\u00e7\u00e3o permanente na Portaria MTE n\u00ba 1.316\/2026.<\/p>\n<h3>Se a loja abrir, o trabalhador \u00e9 obrigado a comparecer?<\/h3>\n<p>A resposta depende da escala, do contrato, do instrumento coletivo e das condi\u00e7\u00f5es aplic\u00e1veis \u00e0 categoria. A empresa deve comunicar a convoca\u00e7\u00e3o com clareza e informar jornada e compensa\u00e7\u00e3o. D\u00favidas individuais podem exigir orienta\u00e7\u00e3o sindical ou jur\u00eddica.<\/p>\n<h3>Quem trabalha no feriado sempre recebe em dobro?<\/h3>\n<p>A S\u00famula 146 do TST prev\u00ea pagamento em dobro quando o trabalho em feriado n\u00e3o \u00e9 compensado. A conven\u00e7\u00e3o coletiva pode detalhar folga, adicionais e outras condi\u00e7\u00f5es, por isso ela precisa ser conferida antes de prometer uma resposta.<\/p>\n<h3>A Portaria n\u00ba 1.316 tamb\u00e9m mudou o trabalho aos domingos?<\/h3>\n<p>N\u00e3o. O MTE informa que a portaria trata dos feriados. O funcionamento do com\u00e9rcio aos domingos permanece regulamentado separadamente pela Lei n\u00ba 10.101.<\/p>\n<h3>Onde consultar a conven\u00e7\u00e3o coletiva?<\/h3>\n<p>Empresa, sindicato profissional e sindicato patronal devem conseguir identificar o instrumento aplic\u00e1vel. Conven\u00e7\u00f5es tamb\u00e9m podem ser consultadas no Sistema Mediador do Minist\u00e9rio do Trabalho e Emprego, sempre verificando categoria, territ\u00f3rio e validade.<\/p>\n<h2>Conclus\u00e3o<\/h2>\n<p>O trabalho no feriado de 7 de Setembro de 2026 pede menos improviso e mais evid\u00eancia. Antes de abrir a loja ou confirmar a escala, a empresa precisa ligar atividade, negocia\u00e7\u00e3o coletiva, regra local e compensa\u00e7\u00e3o. Para quem trabalha, pedir essa base n\u00e3o \u00e9 criar conflito: \u00e9 transformar uma ordem vaga em uma combina\u00e7\u00e3o verific\u00e1vel.<\/p>\n<p><em>Como sua empresa comunica escalas e compensa\u00e7\u00f5es de feriado? Compartilhe a experi\u00eancia nos coment\u00e1rios.<\/em><\/p>\n","protected":false},"excerpt":{"rendered":"<p>O com\u00e9rcio pode abrir no 7 de Setembro? Veja a nova regra, como conferir a conven\u00e7\u00e3o coletiva e o que muda para pagamento ou folga.<\/p>\n","protected":false},"author":1,"featured_media":5186,"comment_status":"closed","ping_status":"open","sticky":false,"template":"","format":"standard","meta":{"footnotes":""},"categories":[81],"tags":[1185,1046,1221,953,119,978],"class_list":["post-5187","post","type-post","status-publish","format-standard","has-post-thumbnail","category-gestao-de-pessoas","tag-calendario-de-rh","tag-compliance-trabalhista","tag-direitos-do-trabalhador","tag-direitos-trabalhistas","tag-gestao-de-pessoas","tag-rh"],"_links":{"self":[{"href":"https:\/\/www.habaut.com.br\/blog\/wp-json\/wp\/v2\/posts\/5187","targetHints":{"allow":["GET"]}}],"collection":[{"href":"https:\/\/www.habaut.com.br\/blog\/wp-json\/wp\/v2\/posts"}],"about":[{"href":"https:\/\/www.habaut.com.br\/blog\/wp-json\/wp\/v2\/types\/post"}],"author":[{"embeddable":true,"href":"https:\/\/www.habaut.com.br\/blog\/wp-json\/wp\/v2\/users\/1"}],"replies":[{"embeddable":true,"href":"https:\/\/www.habaut.com.br\/blog\/wp-json\/wp\/v2\/comments?post=5187"}],"version-history":[{"count":0,"href":"https:\/\/www.habaut.com.br\/blog\/wp-json\/wp\/v2\/posts\/5187\/revisions"}],"wp:featuredmedia":[{"embeddable":true,"href":"https:\/\/www.habaut.com.br\/blog\/wp-json\/wp\/v2\/media\/5186"}],"wp:attachment":[{"href":"https:\/\/www.habaut.com.br\/blog\/wp-json\/wp\/v2\/media?parent=5187"}],"wp:term":[{"taxonomy":"category","embeddable":true,"href":"https:\/\/www.habaut.com.br\/blog\/wp-json\/wp\/v2\/categories?post=5187"},{"taxonomy":"post_tag","embeddable":true,"href":"https:\/\/www.habaut.com.br\/blog\/wp-json\/wp\/v2\/tags?post=5187"}],"curies":[{"name":"wp","href":"https:\/\/api.w.org\/{rel}","templated":true}]}}