{"id":5199,"date":"2026-08-31T18:52:54","date_gmt":"2026-08-31T21:52:54","guid":{"rendered":"https:\/\/www.habaut.com.br\/blog\/?p=5199"},"modified":"2026-08-31T18:52:54","modified_gmt":"2026-08-31T21:52:54","slug":"doenca-preexistente-agravada-trabalho","status":"publish","type":"post","link":"https:\/\/www.habaut.com.br\/blog\/doenca-preexistente-agravada-trabalho\/","title":{"rendered":"Doen\u00e7a preexistente agravada pelo trabalho: o que provar"},"content":{"rendered":"<p><strong>Uma doen\u00e7a preexistente agravada pelo trabalho exige uma an\u00e1lise que costuma ser desconfort\u00e1vel para todos: o diagn\u00f3stico pode ter come\u00e7ado antes, mas isso n\u00e3o encerra a pergunta sobre o que aconteceu durante o v\u00ednculo.<\/strong> Para o trabalhador, para a lideran\u00e7a e para o RH, o caminho seguro n\u00e3o \u00e9 negar a rela\u00e7\u00e3o nem presumir culpa. \u00c9 organizar fatos, proteger a sa\u00fade e encaminhar a avalia\u00e7\u00e3o a profissionais habilitados.<\/p>\n<div style=\"background:#f8fafc; border:1px solid #cbd5e1; border-radius:12px; padding:16px 18px; margin:20px 0;\">\n<p style=\"margin:0 0 10px; font-weight:700; color:#1f2937;\">Resumo r\u00e1pido<\/p>\n<ul style=\"margin:0; padding-left:20px;\">\n<li>Uma condi\u00e7\u00e3o anterior n\u00e3o exclui, por si s\u00f3, a possibilidade de o trabalho ter contribu\u00eddo para a piora.<\/li>\n<li>Concausa n\u00e3o significa causa \u00fanica: significa contribui\u00e7\u00e3o relevante que precisa ser demonstrada no caso concreto.<\/li>\n<li>Diagn\u00f3stico, nexo com o trabalho, incapacidade e responsabilidade s\u00e3o perguntas diferentes.<\/li>\n<li>Uma linha do tempo com fatos verific\u00e1veis ajuda mais do que acusa\u00e7\u00f5es, suposi\u00e7\u00f5es ou conclus\u00f5es apressadas.<\/li>\n<\/ul>\n<\/div>\n<h2>Doen\u00e7a preexistente agravada pelo trabalho: o que significa concausa?<\/h2>\n<p>A palavra <strong>concausa<\/strong> aparece quando o trabalho n\u00e3o \u00e9 apontado como origem exclusiva do adoecimento, mas pode ter contribu\u00eddo para desencadear, acelerar ou agravar um quadro. A l\u00f3gica \u00e9 importante porque problemas de sa\u00fade, em especial os transtornos mentais, frequentemente envolvem fatores pessoais, sociais, cl\u00ednicos e ocupacionais ao mesmo tempo.<\/p>\n<p>O artigo 21, inciso I, da <a href=\"https:\/\/www.planalto.gov.br\/ccivil_03\/leis\/l8213compilado.htm\" title=\"Consultar a Lei 8.213 de 1991 no Portal Planalto\" aria-label=\"Consultar a Lei 8.213 de 1991 no Portal Planalto\" target=\"_blank\" rel=\"nofollow noopener noreferrer\">Lei 8.213\/1991<\/a> prev\u00ea a situa\u00e7\u00e3o em que o trabalho, embora n\u00e3o seja a causa \u00fanica, contribui diretamente para o dano ou para a redu\u00e7\u00e3o da capacidade. Isso n\u00e3o cria um resultado autom\u00e1tico. A aplica\u00e7\u00e3o depende de fatos, avalia\u00e7\u00e3o t\u00e9cnica e enquadramento jur\u00eddico do caso concreto.<\/p>\n<blockquote style=\"border-left:4px solid #b7791f; margin:18px 0; padding:14px 18px; background:#fffaf0; color:#2d3748;\"><p>\n  <strong>Cuidado com os atalhos:<\/strong> ter um diagn\u00f3stico anterior n\u00e3o prova que o trabalho \u00e9 irrelevante. Ao mesmo tempo, perceber piora depois de uma mudan\u00e7a profissional n\u00e3o prova, sozinho, o nexo ocupacional. As duas conclus\u00f5es exigem investiga\u00e7\u00e3o respons\u00e1vel.\n<\/p><\/blockquote>\n<h3>Quatro perguntas que n\u00e3o devem ser misturadas<\/h3>\n<p>Em uma conversa dif\u00edcil, \u00e9 comum tratar tudo como se fosse uma \u00fanica quest\u00e3o. Separar as perguntas reduz conflito e melhora a qualidade da decis\u00e3o:<\/p>\n<ol>\n<li><strong>Qual \u00e9 o quadro de sa\u00fade?<\/strong> Essa \u00e9 uma avalia\u00e7\u00e3o cl\u00ednica, feita por profissional de sa\u00fade.<\/li>\n<li><strong>O trabalho contribuiu para a piora?<\/strong> Essa \u00e9 uma investiga\u00e7\u00e3o de nexo, baseada em hist\u00f3ria cl\u00ednica e ocupacional, riscos, organiza\u00e7\u00e3o do trabalho e outros elementos.<\/li>\n<li><strong>Existe incapacidade e qual \u00e9 sua extens\u00e3o?<\/strong> Diagn\u00f3stico n\u00e3o \u00e9 sin\u00f4nimo autom\u00e1tico de incapacidade para toda atividade.<\/li>\n<li><strong>H\u00e1 responsabilidade jur\u00eddica?<\/strong> Essa conclus\u00e3o considera nexo, dano, conduta, medidas preventivas e regras aplic\u00e1veis, com an\u00e1lise profissional do caso.<\/li>\n<\/ol>\n<h2>O que o caso recente do TST mostrou?<\/h2>\n<p>Em not\u00edcia publicada em 25 de agosto de 2026, o <a href=\"https:\/\/www.tst.jus.br\/-\/bancario-sera-indenizado-por-agravamento-de-doenca-psiquiatrica\" title=\"Ler a not\u00edcia oficial do TST sobre agravamento de doen\u00e7a psiqui\u00e1trica\" aria-label=\"Ler a not\u00edcia oficial do TST sobre agravamento de doen\u00e7a psiqui\u00e1trica\" target=\"_blank\" rel=\"nofollow noopener noreferrer\">Tribunal Superior do Trabalho<\/a> informou que sua 3\u00aa Turma restabeleceu a condena\u00e7\u00e3o de um banco em um caso de agravamento de doen\u00e7a psiqui\u00e1trica. Segundo o relato oficial, a per\u00edcia judicial reconheceu origem multifatorial e contribui\u00e7\u00e3o moderada das condi\u00e7\u00f5es de trabalho.<\/p>\n<p>A decis\u00e3o considerou um conjunto de elementos, n\u00e3o apenas a exist\u00eancia do diagn\u00f3stico. O TST destacou a longa atua\u00e7\u00e3o em fun\u00e7\u00f5es de chefia, a press\u00e3o ligada \u00e0 atividade, afastamentos m\u00e9dicos, mudan\u00e7as de fun\u00e7\u00e3o e a conclus\u00e3o pericial. Tamb\u00e9m registrou que a presun\u00e7\u00e3o ligada ao Nexo T\u00e9cnico Epidemiol\u00f3gico Previdenci\u00e1rio era relativa e n\u00e3o foi afastada pelas provas apresentadas pelo banco.<\/p>\n<div style=\"background:#f3f8ff; border:1px solid #bfdbfe; border-radius:12px; padding:16px 18px; margin:20px 0;\">\n<p style=\"margin:0 0 8px; font-weight:700; color:#1e3a5f;\">O precedente ajuda, mas n\u00e3o decide outros casos<\/p>\n<p style=\"margin:0;\">A not\u00edcia mostra que origem multifatorial e concausa podem coexistir. Ela n\u00e3o permite concluir que toda press\u00e3o, meta, mudan\u00e7a de fun\u00e7\u00e3o ou piora cl\u00ednica gera indeniza\u00e7\u00e3o. O resultado depende das provas e das circunst\u00e2ncias de cada processo.<\/p>\n<\/div>\n<table style=\"width:100%; border-collapse:collapse; margin:20px 0;\">\n<thead>\n<tr>\n<th style=\"text-align:left; border:1px solid #dbe3ea; padding:10px; background:#f8fafc;\">O que o caso registrou<\/th>\n<th style=\"text-align:left; border:1px solid #dbe3ea; padding:10px; background:#f8fafc;\">O que n\u00e3o se deve presumir<\/th>\n<\/tr>\n<\/thead>\n<tbody>\n<tr>\n<td style=\"border:1px solid #dbe3ea; padding:10px;\">A doen\u00e7a tinha origem multifatorial.<\/td>\n<td style=\"border:1px solid #dbe3ea; padding:10px;\">Que fatores pessoais eliminam qualquer poss\u00edvel contribui\u00e7\u00e3o do trabalho.<\/td>\n<\/tr>\n<tr>\n<td style=\"border:1px solid #dbe3ea; padding:10px;\">A per\u00edcia apontou contribui\u00e7\u00e3o moderada das condi\u00e7\u00f5es laborais.<\/td>\n<td style=\"border:1px solid #dbe3ea; padding:10px;\">Que a percep\u00e7\u00e3o de piora substitui avalia\u00e7\u00e3o t\u00e9cnica.<\/td>\n<\/tr>\n<tr>\n<td style=\"border:1px solid #dbe3ea; padding:10px;\">Hist\u00f3rico de fun\u00e7\u00e3o, press\u00e3o, afastamentos e mudan\u00e7as foi considerado.<\/td>\n<td style=\"border:1px solid #dbe3ea; padding:10px;\">Que um \u00fanico e-mail, atestado ou epis\u00f3dio explica toda a evolu\u00e7\u00e3o cl\u00ednica.<\/td>\n<\/tr>\n<\/tbody>\n<\/table>\n<h2>A linha do tempo antes, durante e depois<\/h2>\n<p>Quando algu\u00e9m diz que o trabalho agravou uma doen\u00e7a preexistente, a pergunta mais \u00fatil n\u00e3o \u00e9 \u201cquem est\u00e1 certo?\u201d. O primeiro passo \u00e9 construir uma linha do tempo capaz de mostrar mudan\u00e7as observ\u00e1veis. Ela n\u00e3o substitui laudo, per\u00edcia ou orienta\u00e7\u00e3o jur\u00eddica, mas ajuda profissionais habilitados a entenderem o contexto.<\/p>\n<h3>Antes da piora<\/h3>\n<p>Registre como estava a sa\u00fade e a capacidade funcional antes do per\u00edodo discutido, sem transformar prontu\u00e1rio em material de circula\u00e7\u00e3o interna. Tamb\u00e9m vale identificar fun\u00e7\u00e3o, jornada, volume de trabalho, autonomia, apoio recebido e eventuais adapta\u00e7\u00f5es que j\u00e1 existiam.<\/p>\n<h3>Durante o per\u00edodo cr\u00edtico<\/h3>\n<p>Liste mudan\u00e7as concretas: metas, carga, equipe, hor\u00e1rio, exposi\u00e7\u00e3o a conflito, perda de fun\u00e7\u00e3o, retorno de afastamento, aus\u00eancia de pausas, epis\u00f3dios cr\u00edticos e pedidos de ajuda. Datas, documentos leg\u00edtimos e testemunhos coerentes t\u00eam mais valor do que adjetivos como \u201cinsuport\u00e1vel\u201d ou \u201cnormal\u201d.<\/p>\n<h3>Depois de afastamento, tratamento ou ajuste<\/h3>\n<p>Observe o que mudou quando houve afastamento, tratamento, troca de atividade ou adapta\u00e7\u00e3o. Houve melhora, estabilidade ou nova piora? Outros fatores relevantes apareceram no mesmo per\u00edodo? Essa compara\u00e7\u00e3o deve ser conduzida com cautela, porque evolu\u00e7\u00e3o cl\u00ednica n\u00e3o \u00e9 um experimento controlado.<\/p>\n<div style=\"background:#f8fafc; border:1px solid #cbd5e1; border-radius:12px; padding:16px 18px; margin:20px 0;\">\n<p style=\"margin:0 0 10px; font-weight:700; color:#1f2937;\">Linha do tempo m\u00ednima<\/p>\n<ul style=\"margin:0; padding-left:20px;\">\n<li>Data ou per\u00edodo aproximado da mudan\u00e7a de trabalho.<\/li>\n<li>Fato observ\u00e1vel, sem diagn\u00f3stico feito pela empresa.<\/li>\n<li>Comunica\u00e7\u00f5es e provid\u00eancias adotadas na \u00e9poca.<\/li>\n<li>Impacto percebido e avalia\u00e7\u00e3o de profissional de sa\u00fade, quando houver.<\/li>\n<li>Resposta ap\u00f3s afastamento, ajuste ou retorno.<\/li>\n<\/ul>\n<\/div>\n<h2>Quais evid\u00eancias ajudam a avaliar a concausa?<\/h2>\n<p>O <a href=\"https:\/\/www.gov.br\/saude\/pt-br\/composicao\/svsa\/saude-do-trabalhador\" title=\"Consultar orienta\u00e7\u00f5es do Minist\u00e9rio da Sa\u00fade sobre sa\u00fade do trabalhador\" aria-label=\"Consultar orienta\u00e7\u00f5es do Minist\u00e9rio da Sa\u00fade sobre sa\u00fade do trabalhador\" target=\"_blank\" rel=\"nofollow noopener noreferrer\">Minist\u00e9rio da Sa\u00fade<\/a> destaca que o processo sa\u00fade-doen\u00e7a n\u00e3o deve ser reduzido a uma explica\u00e7\u00e3o monocausal. Na pr\u00e1tica, isso pede uma leitura integrada da hist\u00f3ria cl\u00ednica, das condi\u00e7\u00f5es de vida, do processo de trabalho e dos riscos presentes no ambiente e na organiza\u00e7\u00e3o.<\/p>\n<table style=\"width:100%; border-collapse:collapse; margin:20px 0;\">\n<thead>\n<tr>\n<th style=\"text-align:left; border:1px solid #dbe3ea; padding:10px; background:#f8fafc;\">Dimens\u00e3o<\/th>\n<th style=\"text-align:left; border:1px solid #dbe3ea; padding:10px; background:#f8fafc;\">Exemplos \u00fateis<\/th>\n<th style=\"text-align:left; border:1px solid #dbe3ea; padding:10px; background:#f8fafc;\">Limite importante<\/th>\n<\/tr>\n<\/thead>\n<tbody>\n<tr>\n<td style=\"border:1px solid #dbe3ea; padding:10px;\"><strong>Cl\u00ednica<\/strong><\/td>\n<td style=\"border:1px solid #dbe3ea; padding:10px;\">Hist\u00f3rico, evolu\u00e7\u00e3o, tratamento e capacidade funcional avaliados por profissional habilitado.<\/td>\n<td style=\"border:1px solid #dbe3ea; padding:10px;\">RH e lideran\u00e7a n\u00e3o diagnosticam nem interpretam prontu\u00e1rio.<\/td>\n<\/tr>\n<tr>\n<td style=\"border:1px solid #dbe3ea; padding:10px;\"><strong>Ocupacional<\/strong><\/td>\n<td style=\"border:1px solid #dbe3ea; padding:10px;\">Fun\u00e7\u00f5es, jornada, metas, mudan\u00e7as, riscos e medidas preventivas.<\/td>\n<td style=\"border:1px solid #dbe3ea; padding:10px;\">Cargo igual n\u00e3o significa exposi\u00e7\u00e3o igual para todas as pessoas.<\/td>\n<\/tr>\n<tr>\n<td style=\"border:1px solid #dbe3ea; padding:10px;\"><strong>Temporal<\/strong><\/td>\n<td style=\"border:1px solid #dbe3ea; padding:10px;\">Sequ\u00eancia entre mudan\u00e7a de trabalho, sintomas, afastamento e ajustes.<\/td>\n<td style=\"border:1px solid #dbe3ea; padding:10px;\">Acontecer depois n\u00e3o prova que aconteceu por causa do trabalho.<\/td>\n<\/tr>\n<tr>\n<td style=\"border:1px solid #dbe3ea; padding:10px;\"><strong>Organizacional<\/strong><\/td>\n<td style=\"border:1px solid #dbe3ea; padding:10px;\">Registros de demanda, distribui\u00e7\u00e3o de tarefas, apoio, conflitos e preven\u00e7\u00e3o.<\/td>\n<td style=\"border:1px solid #dbe3ea; padding:10px;\">Pesquisa de clima isolada n\u00e3o substitui investiga\u00e7\u00e3o do caso.<\/td>\n<\/tr>\n<\/tbody>\n<\/table>\n<p>Para aprofundar a preven\u00e7\u00e3o, vale conectar essa an\u00e1lise ao <a href=\"https:\/\/www.habaut.com.br\/blog\/questionario-riscos-psicossociais-nr-1\/\" title=\"Ler o question\u00e1rio de riscos psicossociais da NR-1 no Habaut\" aria-label=\"Ler o question\u00e1rio de riscos psicossociais da NR-1 no Habaut\">question\u00e1rio de riscos psicossociais da NR-1<\/a>. O instrumento n\u00e3o serve para decidir se uma pessoa tem uma doen\u00e7a ocupacional, mas pode revelar padr\u00f5es de organiza\u00e7\u00e3o que precisam de corre\u00e7\u00e3o.<\/p>\n<h2>O que o trabalhador pode fazer com seguran\u00e7a?<\/h2>\n<ol>\n<li><strong>Cuide primeiro da sa\u00fade.<\/strong> Procure profissional habilitado e descreva tanto os sintomas quanto o contexto de trabalho, sem pedir um resultado pronto.<\/li>\n<li><strong>Organize fatos contempor\u00e2neos.<\/strong> Monte a linha do tempo com documentos leg\u00edtimos, mudan\u00e7as de fun\u00e7\u00e3o, jornadas, comunica\u00e7\u00f5es e provid\u00eancias j\u00e1 tentadas.<\/li>\n<li><strong>Use canais adequados.<\/strong> Sa\u00fade ocupacional, seguran\u00e7a do trabalho, RH e representa\u00e7\u00e3o sindical podem ter pap\u00e9is diferentes. Escolha o canal conforme a necessidade.<\/li>\n<li><strong>Evite exposi\u00e7\u00e3o excessiva.<\/strong> Compartilhe informa\u00e7\u00f5es cl\u00ednicas apenas com quem precisa receb\u00ea-las e pelos meios apropriados.<\/li>\n<li><strong>Busque orienta\u00e7\u00e3o individual.<\/strong> Decis\u00f5es sobre benef\u00edcio, CAT, afastamento, retorno, estabilidade ou indeniza\u00e7\u00e3o merecem avalia\u00e7\u00e3o m\u00e9dica, previdenci\u00e1ria ou jur\u00eddica espec\u00edfica.<\/li>\n<\/ol>\n<blockquote style=\"border-left:4px solid #0b6bcb; margin:18px 0; padding:14px 18px; background:#f3f8ff; color:#1f2933;\"><p>\n  <strong>Sa\u00fade vem antes da tese:<\/strong> se houver sofrimento intenso, incapacidade para atividades cotidianas ou risco imediato, a prioridade \u00e9 atendimento profissional. Este conte\u00fado \u00e9 educativo e n\u00e3o substitui avalia\u00e7\u00e3o cl\u00ednica ou jur\u00eddica.\n<\/p><\/blockquote>\n<h2>Como RH e lideran\u00e7a devem responder?<\/h2>\n<p>Uma resposta madura come\u00e7a pela escuta e pela preven\u00e7\u00e3o, n\u00e3o por uma investiga\u00e7\u00e3o informal da vida pessoal. O gestor pode falar sobre fatos do trabalho, capacidade para executar tarefas e ajustes poss\u00edveis. Diagn\u00f3stico, nexo e aptid\u00e3o exigem os profissionais respons\u00e1veis.<\/p>\n<ol>\n<li><strong>Receba o relato sem contestar de imediato.<\/strong> A frase \u201cisso j\u00e1 existia\u201d n\u00e3o encerra a conversa.<\/li>\n<li><strong>Proteja a confidencialidade.<\/strong> Restrinja o acesso a dados sens\u00edveis e registre apenas o necess\u00e1rio para a provid\u00eancia.<\/li>\n<li><strong>Acione sa\u00fade e seguran\u00e7a do trabalho.<\/strong> Avalie riscos, fun\u00e7\u00e3o, jornada, organiza\u00e7\u00e3o, retorno e adapta\u00e7\u00f5es por meio de profissionais habilitados.<\/li>\n<li><strong>Revise fatores control\u00e1veis.<\/strong> Distribui\u00e7\u00e3o de carga, metas, clareza de papel, apoio do gestor e conflitos podem exigir a\u00e7\u00e3o mesmo antes de uma conclus\u00e3o sobre nexo.<\/li>\n<li><strong>Preserve documentos e coer\u00eancia.<\/strong> N\u00e3o crie registros retroativos nem pressione pessoas a confirmar uma vers\u00e3o.<\/li>\n<li><strong>Consulte apoio jur\u00eddico quando necess\u00e1rio.<\/strong> O objetivo \u00e9 cumprir deveres e proteger pessoas, n\u00e3o montar uma defesa antes de entender o caso.<\/li>\n<\/ol>\n<div style=\"background:#fffaf0; border:1px solid #f2d28b; border-radius:12px; padding:16px 18px; margin:20px 0;\">\n<p style=\"margin:0 0 8px; font-weight:700; color:#744210;\">Uma abertura de conversa poss\u00edvel<\/p>\n<p style=\"margin:0;\">\u201cObrigado por trazer isso. N\u00e3o vamos tirar uma conclus\u00e3o cl\u00ednica ou jur\u00eddica nesta conversa. Quero entender quais fatos do trabalho voc\u00ea considera relevantes, o que precisa de cuidado agora e quais profissionais devem participar do pr\u00f3ximo passo.\u201d<\/p>\n<\/div>\n<p>Se a pessoa est\u00e1 afastada ou em retorno, o cuidado precisa conversar com o processo descrito em <a href=\"https:\/\/www.habaut.com.br\/blog\/afastamento-por-saude-mental\/\" title=\"Ler o guia Habaut sobre afastamento por sa\u00fade mental\" aria-label=\"Ler o guia Habaut sobre afastamento por sa\u00fade mental\">afastamento por sa\u00fade mental<\/a>. Para situa\u00e7\u00f5es de crise, veja tamb\u00e9m os <a href=\"https:\/\/www.habaut.com.br\/blog\/primeiros-socorros-saude-mental-trabalho\/\" title=\"Ler orienta\u00e7\u00f5es de primeiros socorros em sa\u00fade mental no trabalho\" aria-label=\"Ler orienta\u00e7\u00f5es de primeiros socorros em sa\u00fade mental no trabalho\">primeiros socorros em sa\u00fade mental no trabalho<\/a>.<\/p>\n<h2>Erros que enfraquecem o cuidado e a prova<\/h2>\n<ul>\n<li><strong>Usar o diagn\u00f3stico anterior como veto:<\/strong> isso ignora a possibilidade de agravamento ou contribui\u00e7\u00e3o laboral.<\/li>\n<li><strong>Tratar sequ\u00eancia temporal como prova completa:<\/strong> proximidade entre trabalho e piora \u00e9 relevante, mas precisa ser integrada a outros elementos.<\/li>\n<li><strong>Pedir que o RH conclua nexo:<\/strong> a empresa deve agir sobre riscos e encaminhamentos, n\u00e3o substituir avalia\u00e7\u00e3o t\u00e9cnica.<\/li>\n<li><strong>Confundir acolhimento com admiss\u00e3o de culpa:<\/strong> escutar e proteger a sa\u00fade \u00e9 uma obriga\u00e7\u00e3o humana e preventiva.<\/li>\n<li><strong>Expor detalhes cl\u00ednicos \u00e0 lideran\u00e7a:<\/strong> a conversa gerencial deve se concentrar em capacidade, restri\u00e7\u00f5es e ajustes necess\u00e1rios.<\/li>\n<li><strong>Esperar o conflito virar processo:<\/strong> medidas preventivas podem ser necess\u00e1rias mesmo quando o nexo ainda est\u00e1 em avalia\u00e7\u00e3o.<\/li>\n<\/ul>\n<h2>Checklist de decis\u00e3o para trabalhador, RH e lideran\u00e7a<\/h2>\n<div style=\"background:#f4fbf7; border:1px solid #b7dec9; border-radius:12px; padding:16px 18px; margin:20px 0;\">\n<ul style=\"margin:0; padding-left:20px;\">\n<li>O quadro cl\u00ednico est\u00e1 sendo acompanhado por profissional habilitado?<\/li>\n<li>A linha do tempo separa fatos, percep\u00e7\u00f5es e conclus\u00f5es t\u00e9cnicas?<\/li>\n<li>As mudan\u00e7as de trabalho est\u00e3o documentadas de forma contempor\u00e2nea e leg\u00edtima?<\/li>\n<li>Foram avaliados jornada, carga, fun\u00e7\u00e3o, apoio, conflitos e riscos organizacionais?<\/li>\n<li>Os dados de sa\u00fade est\u00e3o protegidos e circulam apenas quando necess\u00e1rio?<\/li>\n<li>H\u00e1 medidas preventivas ou adapta\u00e7\u00f5es poss\u00edveis sem esperar uma disputa?<\/li>\n<li>Quest\u00f5es cl\u00ednicas, previdenci\u00e1rias e jur\u00eddicas foram encaminhadas aos profissionais corretos?<\/li>\n<\/ul>\n<\/div>\n<h2>Perguntas frequentes<\/h2>\n<h3>Doen\u00e7a preexistente pode ser considerada ocupacional?<\/h3>\n<p>Pode haver reconhecimento de rela\u00e7\u00e3o com o trabalho quando as condi\u00e7\u00f5es laborais contribu\u00edrem de forma relevante para agravar ou acelerar o quadro, mesmo que n\u00e3o sejam a causa \u00fanica. Isso depende de investiga\u00e7\u00e3o t\u00e9cnica e das provas do caso concreto.<\/p>\n<h3>Um atestado prova que o trabalho causou a doen\u00e7a?<\/h3>\n<p>N\u00e3o necessariamente. O atestado cumpre uma fun\u00e7\u00e3o cl\u00ednica e documental, mas o nexo ocupacional pode exigir hist\u00f3ria cl\u00ednica e ocupacional, an\u00e1lise da organiza\u00e7\u00e3o do trabalho, riscos, evolu\u00e7\u00e3o e outros elementos. Veja tamb\u00e9m o guia sobre <a href=\"https:\/\/www.habaut.com.br\/blog\/atestado-medico\/\" title=\"Ler o guia Habaut sobre atestado m\u00e9dico\" aria-label=\"Ler o guia Habaut sobre atestado m\u00e9dico\">direitos e obriga\u00e7\u00f5es relacionados ao atestado m\u00e9dico<\/a>.<\/p>\n<h3>A empresa pode negar a rela\u00e7\u00e3o porque a doen\u00e7a come\u00e7ou antes?<\/h3>\n<p>A exist\u00eancia anterior do quadro \u00e9 um dado relevante, mas n\u00e3o elimina automaticamente a hip\u00f3tese de agravamento pelo trabalho. A empresa pode apresentar evid\u00eancias e participar da apura\u00e7\u00e3o, por\u00e9m a conclus\u00e3o precisa considerar o conjunto t\u00e9cnico e factual.<\/p>\n<h3>Concausa garante indeniza\u00e7\u00e3o ou estabilidade?<\/h3>\n<p>N\u00e3o existe garantia autom\u00e1tica. Reconhecimento do nexo, responsabilidade, benef\u00edcio, estabilidade e indeniza\u00e7\u00e3o seguem requisitos pr\u00f3prios. Quem precisa decidir ou contestar uma medida deve buscar orienta\u00e7\u00e3o m\u00e9dica, previdenci\u00e1ria e jur\u00eddica adequada ao caso.<\/p>\n<h2>Uma pergunta melhor para encerrar<\/h2>\n<p>Em vez de perguntar apenas se a doen\u00e7a existia antes, pergunte: <strong>o que mudou no trabalho, quais efeitos foram observados e que evid\u00eancias permitem avaliar essa contribui\u00e7\u00e3o com responsabilidade?<\/strong> Essa formula\u00e7\u00e3o n\u00e3o presume culpa nem invalida a experi\u00eancia da pessoa.<\/p>\n<p>Para ampliar a preven\u00e7\u00e3o sem reduzir tudo a um caso individual, continue pelo guia sobre <a href=\"https:\/\/www.habaut.com.br\/blog\/saude-mental-principais-problemas\/\" title=\"Ler o guia Habaut sobre sa\u00fade mental e atua\u00e7\u00e3o do RH\" aria-label=\"Ler o guia Habaut sobre sa\u00fade mental e atua\u00e7\u00e3o do RH\">sa\u00fade mental e o papel do RH<\/a>. O objetivo \u00e9 agir sobre fatores control\u00e1veis antes que o cuidado dependa de uma disputa.<\/p>\n<div style=\"background:#f8fafc; border:1px solid #dbe3ea; border-radius:12px; padding:14px 16px; margin:24px 0; color:#475569; font-size:14px;\">\n<p style=\"margin:0;\"><strong>Nota editorial:<\/strong> conte\u00fado educativo revisado em 31\/08\/2026 com base em fonte oficial do TST, na Lei 8.213\/1991 e em orienta\u00e7\u00f5es do Minist\u00e9rio da Sa\u00fade. N\u00e3o substitui diagn\u00f3stico, per\u00edcia ou orienta\u00e7\u00e3o jur\u00eddica individual.<\/p>\n<\/div>\n","protected":false},"excerpt":{"rendered":"<p>Doen\u00e7a preexistente pode ser agravada pelo trabalho. Entenda concausa, evid\u00eancias e como trabalhador, lideran\u00e7a e RH devem agir com cuidado.<\/p>\n","protected":false},"author":1,"featured_media":5198,"comment_status":"closed","ping_status":"open","sticky":false,"template":"","format":"standard","meta":{"footnotes":""},"categories":[81],"tags":[1025,1250,1264,945,946],"class_list":["post-5199","post","type-post","status-publish","format-standard","has-post-thumbnail","category-gestao-de-pessoas","tag-afastamento","tag-relacoes-de-trabalho","tag-relacoes-trabalhistas","tag-riscos-psicossociais","tag-saude-mental-no-trabalho"],"_links":{"self":[{"href":"https:\/\/www.habaut.com.br\/blog\/wp-json\/wp\/v2\/posts\/5199","targetHints":{"allow":["GET"]}}],"collection":[{"href":"https:\/\/www.habaut.com.br\/blog\/wp-json\/wp\/v2\/posts"}],"about":[{"href":"https:\/\/www.habaut.com.br\/blog\/wp-json\/wp\/v2\/types\/post"}],"author":[{"embeddable":true,"href":"https:\/\/www.habaut.com.br\/blog\/wp-json\/wp\/v2\/users\/1"}],"replies":[{"embeddable":true,"href":"https:\/\/www.habaut.com.br\/blog\/wp-json\/wp\/v2\/comments?post=5199"}],"version-history":[{"count":0,"href":"https:\/\/www.habaut.com.br\/blog\/wp-json\/wp\/v2\/posts\/5199\/revisions"}],"wp:featuredmedia":[{"embeddable":true,"href":"https:\/\/www.habaut.com.br\/blog\/wp-json\/wp\/v2\/media\/5198"}],"wp:attachment":[{"href":"https:\/\/www.habaut.com.br\/blog\/wp-json\/wp\/v2\/media?parent=5199"}],"wp:term":[{"taxonomy":"category","embeddable":true,"href":"https:\/\/www.habaut.com.br\/blog\/wp-json\/wp\/v2\/categories?post=5199"},{"taxonomy":"post_tag","embeddable":true,"href":"https:\/\/www.habaut.com.br\/blog\/wp-json\/wp\/v2\/tags?post=5199"}],"curies":[{"name":"wp","href":"https:\/\/api.w.org\/{rel}","templated":true}]}}