{"id":5215,"date":"2026-09-03T13:26:44","date_gmt":"2026-09-03T16:26:44","guid":{"rendered":"https:\/\/www.habaut.com.br\/blog\/?p=5215"},"modified":"2026-09-03T13:26:44","modified_gmt":"2026-09-03T16:26:44","slug":"dificuldade-contratar-funcionarios","status":"publish","type":"post","link":"https:\/\/www.habaut.com.br\/blog\/dificuldade-contratar-funcionarios\/","title":{"rendered":"Dificuldade para contratar funcion\u00e1rios: a vaga ficou ruim?"},"content":{"rendered":"<p><strong>A dificuldade para contratar funcion\u00e1rios aparece de um jeito conhecido: a vaga fica aberta, chegam curr\u00edculos que n\u00e3o convencem e a explica\u00e7\u00e3o vira \u201cningu\u00e9m quer trabalhar\u201d. S\u00f3 que, com o desemprego em 5,3% no trimestre encerrado em julho de 2026, talvez a pergunta mais \u00fatil seja outra: o mercado ficou mais apertado ou a vaga perdeu for\u00e7a diante das alternativas dispon\u00edveis?<\/strong><\/p>\n<div style=\"background:#f8fafc; border:1px solid #cbd5e1; border-radius:12px; padding:16px 18px; margin:20px 0;\">\n<p style=\"margin:0 0 10px; font-weight:700; color:#1f2937;\">Resumo para agir em 30 segundos<\/p>\n<ul style=\"margin:0; padding-left:20px;\">\n<li>Desemprego baixo muda a margem de escolha, mas n\u00e3o prova escassez em toda profiss\u00e3o ou regi\u00e3o.<\/li>\n<li>Antes de ampliar divulga\u00e7\u00e3o, audite cinco pontos: remunera\u00e7\u00e3o, escala, exig\u00eancias, processo seletivo e credibilidade da lideran\u00e7a.<\/li>\n<li>Uma vaga pode atrair candidatos e ainda n\u00e3o fechar porque o problema est\u00e1 na decis\u00e3o, na proposta ou na experi\u00eancia durante as etapas.<\/li>\n<li>O diagn\u00f3stico precisa separar falta de alcance, falta de ader\u00eancia e falta de aceita\u00e7\u00e3o.<\/li>\n<\/ul>\n<\/div>\n<h2>Dificuldade para contratar funcion\u00e1rios mudou de contexto?<\/h2>\n<p>O dado mais recente ajuda a entender o pano de fundo. A PNAD Cont\u00ednua do IBGE apontou taxa de desocupa\u00e7\u00e3o de 5,3% no trimestre m\u00f3vel encerrado em julho de 2026, com 5,8 milh\u00f5es de pessoas desocupadas, 103,3 milh\u00f5es ocupadas e novo recorde no n\u00famero de empregados do setor privado com carteira assinada. A divulga\u00e7\u00e3o pode ser consultada no <a href=\"https:\/\/agenciagov.ebc.com.br\/noticias\/202608\/ibge-desemprego-recua-para-5-3-no-trimestre-encerrado-em-julho\" title=\"Consultar divulga\u00e7\u00e3o oficial dos dados do IBGE sobre desemprego em julho de 2026\" aria-label=\"Consultar divulga\u00e7\u00e3o oficial dos dados do IBGE sobre desemprego em julho de 2026\" target=\"_blank\" rel=\"nofollow noopener noreferrer\">resumo oficial dos dados do IBGE<\/a>.<\/p>\n<p>O Novo Caged acrescenta outro sinal: o emprego formal celetista teve saldo positivo de 58.568 postos em julho, resultado de 2.262.888 admiss\u00f5es e 2.204.320 desligamentos. O estoque formal chegou a 48.082.866 v\u00ednculos, segundo o <a href=\"https:\/\/www.gov.br\/trabalho-e-emprego\/pt-br\/noticias-e-conteudo\/2026\/agosto\/mercado-formal-celetista-gera-58-568-empregos-em-julho-e-acumula-972-203-postos-no-ano\/\" title=\"Consultar dados do Novo Caged de julho de 2026 no Minist\u00e9rio do Trabalho e Emprego\" aria-label=\"Consultar dados do Novo Caged de julho de 2026 no Minist\u00e9rio do Trabalho e Emprego\" target=\"_blank\" rel=\"nofollow noopener noreferrer\">Minist\u00e9rio do Trabalho e Emprego<\/a>.<\/p>\n<p>Esses n\u00fameros descrevem um mercado nacional mais ocupado. Eles n\u00e3o dizem que todo profissional tem v\u00e1rias propostas, que toda empresa enfrenta falta de m\u00e3o de obra ou que sal\u00e1rio e jornada explicam sozinhos cada vaga aberta. H\u00e1 diferen\u00e7as por setor, qualifica\u00e7\u00e3o, cidade, faixa de renda e desenho da fun\u00e7\u00e3o.<\/p>\n<blockquote style=\"border-left:4px solid #0b6bcb; margin:18px 0; padding:14px 18px; background:#f3f8ff; color:#1f2933;\"><p>\n  <strong>Leitura respons\u00e1vel:<\/strong> desemprego baixo n\u00e3o elimina o desemprego nem transforma toda recusa em prova de vaga ruim. O dado serve para revisar hip\u00f3teses, n\u00e3o para substituir o diagn\u00f3stico da posi\u00e7\u00e3o.\n<\/p><\/blockquote>\n<h2>O problema est\u00e1 no mercado, na vaga ou no processo?<\/h2>\n<p>A dificuldade para contratar funcion\u00e1rios pode nascer em tr\u00eas lugares diferentes. O primeiro \u00e9 o alcance: poucas pessoas adequadas ficam sabendo da oportunidade. O segundo \u00e9 o desenho: remunera\u00e7\u00e3o, escala, local, risco, responsabilidades e requisitos n\u00e3o formam uma troca competitiva. O terceiro \u00e9 o processo: a empresa atrai gente, mas demora, repete etapas, muda crit\u00e9rios ou perde confian\u00e7a no caminho.<\/p>\n<p>Esses problemas deixam rastros distintos. Poucas candidaturas qualificadas apontam para alcance, requisitos ou proposta. Muitas entrevistas sem aprova\u00e7\u00e3o sugerem perfil mal definido, triagem ruim ou expectativa do gestor fora da realidade. Propostas recusadas pedem aten\u00e7\u00e3o \u00e0 remunera\u00e7\u00e3o, \u00e0 jornada, ao modelo de trabalho e \u00e0 reputa\u00e7\u00e3o da lideran\u00e7a. Desist\u00eancias durante o processo indicam fric\u00e7\u00e3o, demora ou informa\u00e7\u00e3o contradit\u00f3ria.<\/p>\n<p><strong>Tratar tudo como \u201cescassez de talentos\u201d \u00e9 confort\u00e1vel porque tira a vaga da an\u00e1lise.<\/strong> Tamb\u00e9m \u00e9 caro: o RH compra mais m\u00eddia, procura mais curr\u00edculos e repete o mesmo funil sem corrigir o ponto que afasta as pessoas.<\/p>\n<h2>Aut\u00f3psia da dificuldade para contratar funcion\u00e1rios<\/h2>\n<p>Quando existe dificuldade para contratar funcion\u00e1rios, uma aut\u00f3psia de vaga n\u00e3o procura um culpado. Ela compara o que a empresa pede, o que oferece e como decide. O objetivo \u00e9 localizar a primeira quebra antes de repostar o an\u00fancio.<\/p>\n<h3>1. Remunera\u00e7\u00e3o compat\u00edvel com a responsabilidade<\/h3>\n<p>Comece pela troca concreta. Compare sal\u00e1rio, benef\u00edcios, vari\u00e1vel e previsibilidade com a complexidade real da fun\u00e7\u00e3o. Uma faixa pode parecer razo\u00e1vel para o nome do cargo e ficar fraca quando a lista inclui atendimento, metas agressivas, caixa, lideran\u00e7a informal, disponibilidade fora do hor\u00e1rio e tarefas que pertenciam a duas pessoas.<\/p>\n<p>N\u00e3o use apenas a m\u00e9dia salarial interna. Observe as propostas recusadas, a pretens\u00e3o de profissionais aprovados e quanto tempo pessoas semelhantes permanecem na equipe. Se a empresa s\u00f3 consegue contratar quem aceita provisoriamente e sai na primeira alternativa, a dificuldade para contratar funcion\u00e1rios aponta para competitividade ou desenho, n\u00e3o apenas atra\u00e7\u00e3o.<\/p>\n<h3>2. Escala, deslocamento e custo de vida<\/h3>\n<p>Hor\u00e1rio \u00e9 parte da remunera\u00e7\u00e3o percebida. Trabalho presencial longe de transporte, sa\u00edda ap\u00f3s o \u00faltimo \u00f4nibus, escala inst\u00e1vel, troca frequente de folga e exig\u00eancia de disponibilidade aberta transferem custo e risco para a pessoa. Nesse caso, a dificuldade para contratar funcion\u00e1rios pode existir porque a vaga cabe pior na vida, mesmo pagando o mesmo que outra.<\/p>\n<p>Para avaliar esse ponto, descreva o hor\u00e1rio real, inclusive picos, finais de semana e mudan\u00e7as previs\u00edveis. Depois pergunte quantos candidatos desistem logo ap\u00f3s conhecer a escala ou o local. <strong>Se a informa\u00e7\u00e3o decisiva s\u00f3 aparece na entrevista, o volume inicial engana.<\/strong><\/p>\n<h3>3. Requisitos que protegem a decis\u00e3o ou apenas aumentam o filtro<\/h3>\n<p>A dificuldade para contratar funcion\u00e1rios cresce quando o perfil mistura necessidade real com prefer\u00eancia antiga. Diploma sem rela\u00e7\u00e3o direta com a entrega, anos de experi\u00eancia usados como atalho, dom\u00ednio de ferramentas que podem ser ensinadas e disponibilidade total reduzem o funil sem necessariamente melhorar a contrata\u00e7\u00e3o.<\/p>\n<p>Separe os requisitos em tr\u00eas colunas: indispens\u00e1veis no primeiro dia, aprend\u00edveis em at\u00e9 90 dias e desej\u00e1veis. O gestor precisa justificar o risco de retirar cada crit\u00e9rio indispens\u00e1vel. Se n\u00e3o consegue explicar qual problema concreto o requisito evita, ele provavelmente est\u00e1 filtrando por costume.<\/p>\n<h3>4. Fric\u00e7\u00e3o no processo seletivo<\/h3>\n<p>Um processo com formul\u00e1rio longo, testes redundantes, v\u00e1rias entrevistas e semanas de sil\u00eancio pede investimento alto antes de oferecer confian\u00e7a. A dificuldade para contratar funcion\u00e1rios aumenta quando profissionais empregados ou com alternativas saem primeiro. N\u00e3o porque estejam desinteressados, mas porque o custo de continuar aumentou.<\/p>\n<p>Mapeie o tempo entre candidatura, primeiro contato, entrevista, decis\u00e3o e proposta. O artigo sobre <a href=\"https:\/\/www.habaut.com.br\/blog\/time-to-fill\/\" title=\"Entender o indicador time to fill e localizar gargalos de recrutamento\" aria-label=\"Entender o indicador time to fill e localizar gargalos de recrutamento\">time to fill e gargalos do recrutamento<\/a> ajuda a separar espera necess\u00e1ria de atraso que n\u00e3o melhora a escolha. Para reduzir sil\u00eancio e alinhar etapas, use tamb\u00e9m o guia de <a href=\"https:\/\/www.habaut.com.br\/blog\/experiencia-da-pessoa-candidata\/\" title=\"Revisar a experi\u00eancia da pessoa candidata em oito passos\" aria-label=\"Revisar a experi\u00eancia da pessoa candidata em oito passos\">experi\u00eancia da pessoa candidata<\/a>.<\/p>\n<h3>5. Credibilidade de quem vai liderar<\/h3>\n<p>A entrevista tamb\u00e9m \u00e9 uma avalia\u00e7\u00e3o da empresa. Respostas vagas sobre prioridade, desenvolvimento, autonomia, hor\u00e1rio ou motivo da abertura enfraquecem a proposta. Quando RH e gestor contam hist\u00f3rias diferentes, a dificuldade para contratar funcion\u00e1rios pode ser uma crise de confian\u00e7a, n\u00e3o de disponibilidade.<\/p>\n<p>Prepare a lideran\u00e7a para explicar o trabalho dif\u00edcil sem dourar a realidade. Uma frase como \u201ca equipe vive uma fase puxada, mas j\u00e1 aprovamos duas contrata\u00e7\u00f5es e reorganizamos a escala\u201d \u00e9 verific\u00e1vel. \u201cAqui todo mundo veste a camisa\u201d n\u00e3o responde sobre carga, apoio ou decis\u00e3o.<\/p>\n<div style=\"background:#fffaf0; border:1px solid #f2d28b; border-radius:12px; padding:18px; margin:22px 0;\">\n<p style=\"margin:0 0 10px; font-weight:700; color:#6b4f00;\">Scorecard da dificuldade para contratar funcion\u00e1rios<\/p>\n<p style=\"margin:0 0 10px;\">Marque 0 para \u201cn\u00e3o\u201d e 1 para \u201csim\u201d:<\/p>\n<ol style=\"margin:0; padding-left:22px;\">\n<li>A faixa salarial foi comparada com propostas recusadas e fun\u00e7\u00f5es equivalentes?<\/li>\n<li>Escala, local e modelo de trabalho aparecem antes da entrevista?<\/li>\n<li>As responsabilidades cabem no cargo e no tempo dispon\u00edvel?<\/li>\n<li>Os requisitos indispens\u00e1veis t\u00eam justificativa operacional?<\/li>\n<li>Existe espa\u00e7o expl\u00edcito para aprender parte do trabalho ap\u00f3s a contrata\u00e7\u00e3o?<\/li>\n<li>O processo tem prazo e respons\u00e1vel definidos para cada etapa?<\/li>\n<li>Entrevistas repetidas foram eliminadas ou t\u00eam objetivos diferentes?<\/li>\n<li>RH e gestor contam a mesma hist\u00f3ria sobre a vaga?<\/li>\n<li>Motivos de desist\u00eancia e recusa de proposta s\u00e3o registrados?<\/li>\n<li>A lideran\u00e7a consegue explicar suporte, prioridades e crit\u00e9rios de sucesso?<\/li>\n<\/ol>\n<p style=\"margin:12px 0 0;\"><strong>0 a 4:<\/strong> a vaga precisa de redesenho. <strong>5 a 7:<\/strong> corrija os pontos fracos antes de ampliar divulga\u00e7\u00e3o. <strong>8 a 10:<\/strong> investigue alcance, segmenta\u00e7\u00e3o e disponibilidade espec\u00edfica do perfil sem abandonar o monitoramento da proposta.<\/p>\n<\/div>\n<h2>Um exemplo brasileiro de vaga que parecia escassa<\/h2>\n<p>Considere um caso fict\u00edcio. Uma empresa de servi\u00e7os procura analista operacional h\u00e1 52 dias. Recebe curr\u00edculos, entrevista 18 pessoas e aprova quatro. Nenhuma aceita a proposta. A dire\u00e7\u00e3o conclui que faltam profissionais comprometidos.<\/p>\n<p>A aut\u00f3psia mostra outro desenho: o an\u00fancio n\u00e3o informa sal\u00e1rio; o hor\u00e1rio termina depois das 22h em tr\u00eas dias da semana; a vaga re\u00fane atendimento, confer\u00eancia financeira e treinamento de novatos; s\u00e3o quatro entrevistas; e o gestor leva cinco dias para responder. O alcance existe. A ader\u00eancia existe. A aceita\u00e7\u00e3o \u00e9 que quebra.<\/p>\n<p>A empresa reduz os requisitos aprend\u00edveis, divulga faixa e hor\u00e1rio, organiza transporte no fechamento, transforma quatro etapas em duas e define resposta em 48 horas. O exemplo n\u00e3o garante contrata\u00e7\u00e3o r\u00e1pida. Ele mostra como transformar a dificuldade para contratar funcion\u00e1rios em hip\u00f3teses que podem ser testadas.<\/p>\n<blockquote style=\"border-left:4px solid #8a5a00; margin:18px 0; padding:14px 18px; background:#fff8e8; color:#3f3420;\"><p>\n  <strong>O que evitar:<\/strong> aumentar o sal\u00e1rio no an\u00fancio e preservar uma fun\u00e7\u00e3o incoerente. Remunera\u00e7\u00e3o importa, mas n\u00e3o corrige sozinha escala imprevis\u00edvel, gest\u00e3o hostil, ac\u00famulo de responsabilidades ou sele\u00e7\u00e3o desorganizada.\n<\/p><\/blockquote>\n<h2>Como corrigir a vaga sem vender uma promessa falsa?<\/h2>\n<p>Corrigir a dificuldade para contratar funcion\u00e1rios come\u00e7a por tornar a troca mais leg\u00edvel. Divulgue faixa, local, modelo, escala, responsabilidades centrais e etapas. Se houver uma dificuldade real, como opera\u00e7\u00e3o em turno noturno ou fase de reestrutura\u00e7\u00e3o, explique o suporte dispon\u00edvel. Transpar\u00eancia pode reduzir candidaturas superficiais e aumentar a qualidade da conversa.<\/p>\n<p>Depois, revise a descri\u00e7\u00e3o sem duplicar o trabalho j\u00e1 feito. O guia sobre <a href=\"https:\/\/www.habaut.com.br\/blog\/candidatos-mais-seletivos\/\" title=\"Aprender como ajustar vagas para candidatos mais seletivos\" aria-label=\"Aprender como ajustar vagas para candidatos mais seletivos\">como ajustar vagas para candidatos mais seletivos<\/a> aprofunda sal\u00e1rio, modelo de trabalho, inclus\u00e3o e coer\u00eancia do an\u00fancio. Para decis\u00f5es compar\u00e1veis, o conte\u00fado de <a href=\"https:\/\/www.habaut.com.br\/blog\/entrevista-estruturada-scorecard\/\" title=\"Usar entrevista estruturada com perguntas e scorecard\" aria-label=\"Usar entrevista estruturada com perguntas e scorecard\">entrevista estruturada com scorecard<\/a> ajuda a reduzir improviso e mudan\u00e7a de crit\u00e9rio.<\/p>\n<p>Por fim, me\u00e7a tr\u00eas convers\u00f5es separadas:<\/p>\n<ul>\n<li><strong>candidatura para triagem:<\/strong> mostra alcance e ader\u00eancia b\u00e1sica;<\/li>\n<li><strong>triagem para aprova\u00e7\u00e3o:<\/strong> mostra clareza do perfil e qualidade da avalia\u00e7\u00e3o;<\/li>\n<li><strong>aprova\u00e7\u00e3o para aceite:<\/strong> mostra for\u00e7a da proposta e confian\u00e7a constru\u00edda.<\/li>\n<\/ul>\n<p>Quando a empresa acompanha apenas o n\u00famero de curr\u00edculos, perde o ponto exato em que a dificuldade para contratar funcion\u00e1rios aparece. Um funil cheio no topo pode esconder uma proposta fraca no final.<\/p>\n<div style=\"border:1px solid #d9e7df; background:#f4fbf7; border-radius:14px; padding:20px; margin:28px 0; box-shadow:0 6px 18px rgba(23,72,54,.08);\">\n<p style=\"margin:0 0 8px; font-size:14px; color:#2f6b4f; font-weight:700; text-transform:uppercase; letter-spacing:.04em;\">Continue o diagn\u00f3stico<\/p>\n<p style=\"margin:0 0 10px; color:#143d2b; font-size:22px; line-height:1.25; font-weight:700;\">A proposta de valor sustenta o que a vaga promete?<\/p>\n<p style=\"margin:0 0 16px; color:#334; font-size:16px; line-height:1.55;\">Se sal\u00e1rio \u00e9 apenas uma parte do problema, revise benef\u00edcios, desenvolvimento, experi\u00eancia e coer\u00eancia da oferta sem transformar a vaga em propaganda.<\/p>\n<p>  <a href=\"https:\/\/www.habaut.com.br\/blog\/evp-proposta-valor-colaborador\/\" title=\"Entender como criar uma proposta de valor ao colaborador\" aria-label=\"Entender como criar uma proposta de valor ao colaborador\" style=\"display:inline-block; background:#1f7a4d; color:#fff; text-decoration:none; padding:11px 16px; border-radius:10px; font-weight:700;\">Revisar a proposta de valor<\/a>\n<\/div>\n<h2>O que os dados nacionais n\u00e3o respondem?<\/h2>\n<p>PNAD Cont\u00ednua e Novo Caged medem coisas diferentes. A primeira estima ocupa\u00e7\u00e3o e desocupa\u00e7\u00e3o em uma amostra domiciliar e usa trimestres m\u00f3veis. O segundo registra admiss\u00f5es e desligamentos formais informados pelas empresas. Nenhum deles explica sozinho a dificuldade para contratar funcion\u00e1rios em uma vaga espec\u00edfica.<\/p>\n<p>Tamb\u00e9m n\u00e3o \u00e9 correto concluir que toda pessoa recusou uma oportunidade porque tinha outra melhor. Pode haver falta de qualifica\u00e7\u00e3o espec\u00edfica, barreira de deslocamento, cuidado com filhos ou familiares, condi\u00e7\u00e3o de sa\u00fade, informalidade, incompatibilidade de hor\u00e1rio ou simplesmente um processo que n\u00e3o conseguiu enxergar ader\u00eancia.<\/p>\n<p><strong>O dado macro abre a investiga\u00e7\u00e3o. A evid\u00eancia da vaga fecha o diagn\u00f3stico.<\/strong> Use o cen\u00e1rio de 2026 para questionar h\u00e1bitos, mas decida com informa\u00e7\u00f5es do pr\u00f3prio funil, conversas de sa\u00edda, recusas de proposta e realidade da equipe.<\/p>\n<div style=\"background:#f8fafc; border:1px solid #dbe3ea; border-radius:12px; padding:16px 18px; margin:20px 0;\">\n<p style=\"margin:0 0 8px; font-weight:700; color:#1f2937;\">Nota editorial e de fonte<\/p>\n<p style=\"margin:0;\">Conte\u00fado revisado em 3 de setembro de 2026 com dados oficiais divulgados pelo IBGE e pelo Minist\u00e9rio do Trabalho e Emprego. Indicadores nacionais n\u00e3o substituem an\u00e1lise por cargo, setor, regi\u00e3o e etapa do processo seletivo.<\/p>\n<\/div>\n<h2>Perguntas frequentes<\/h2>\n<h3>Por que est\u00e1 dif\u00edcil contratar funcion\u00e1rios em 2026?<\/h3>\n<p>A resposta varia. Um mercado mais ocupado reduz a quantidade de pessoas imediatamente dispon\u00edveis, mas a dificuldade para contratar funcion\u00e1rios tamb\u00e9m pode vir de sal\u00e1rio, escala, localiza\u00e7\u00e3o, requisitos excessivos, demora ou baixa confian\u00e7a no gestor. A empresa precisa localizar em qual etapa o funil quebra.<\/p>\n<h3>Desemprego baixo significa falta de m\u00e3o de obra?<\/h3>\n<p>N\u00e3o necessariamente. A taxa nacional n\u00e3o mostra a disponibilidade de cada profiss\u00e3o em cada cidade. Falta de m\u00e3o de obra \u00e9 uma hip\u00f3tese que precisa ser confirmada com candidaturas, ader\u00eancia t\u00e9cnica, recusas, tempo de fechamento e compara\u00e7\u00e3o setorial.<\/p>\n<h3>Aumentar o sal\u00e1rio resolve uma vaga aberta?<\/h3>\n<p>Pode aumentar a competitividade, mas n\u00e3o resolve todo problema. Jornada imprevis\u00edvel, transporte dif\u00edcil, ac\u00famulo de fun\u00e7\u00f5es, lideran\u00e7a pouco confi\u00e1vel e processo lento continuam pesando na decis\u00e3o. Avalie a proposta total.<\/p>\n<h3>Como saber se a vaga ficou ruim?<\/h3>\n<p>Compare o que a fun\u00e7\u00e3o exige com o que oferece e observe onde as pessoas saem. Muitas propostas recusadas, desist\u00eancia ap\u00f3s conhecer a escala e rotatividade no per\u00edodo de experi\u00eancia s\u00e3o sinais de que o desenho merece revis\u00e3o.<\/p>\n<h3>O que fazer antes de anunciar novamente?<\/h3>\n<p>Preencha o scorecard deste artigo, converse com quem recusou ou desistiu, se houver abertura, e alinhe RH e lideran\u00e7a. Corrija primeiro o ponto de quebra; s\u00f3 depois aumente alcance e m\u00eddia.<\/p>\n<h2>Conclus\u00e3o<\/h2>\n<p>A dificuldade para contratar funcion\u00e1rios n\u00e3o desaparece com um t\u00edtulo melhor nem pode ser atribu\u00edda automaticamente ao desemprego baixo. Em 2026, o cen\u00e1rio pede uma leitura mais adulta: h\u00e1 menos folga no mercado, mas cada vaga continua respons\u00e1vel pela troca que oferece e pelo processo que conduz.<\/p>\n<p>Antes de dizer que faltam candidatos, localize a quebra. Se o problema for alcance, amplie canais. Se for ader\u00eancia, ajuste o perfil. Se for aceita\u00e7\u00e3o, reveja proposta, jornada e confian\u00e7a. <strong>Uma vaga dif\u00edcil merece diagn\u00f3stico, n\u00e3o um r\u00f3tulo.<\/strong><\/p>\n<p><em>Na sua empresa, a maior perda acontece antes da entrevista, durante o processo ou na hora da proposta? Compartilhe a experi\u00eancia nos coment\u00e1rios.<\/em><\/p>\n","protected":false},"excerpt":{"rendered":"<p>Dificuldade para contratar funcion\u00e1rios: audite sal\u00e1rio, escala, requisitos, processo e lideran\u00e7a antes de culpar o mercado em 2026.<\/p>\n","protected":false},"author":1,"featured_media":5214,"comment_status":"closed","ping_status":"open","sticky":false,"template":"","format":"standard","meta":{"footnotes":""},"categories":[81,1130,46],"tags":[980,1056,979,987,74],"class_list":["post-5215","post","type-post","status-publish","format-standard","has-post-thumbnail","category-gestao-de-pessoas","category-recrutamento-e-selecao","category-rh-estrategico","tag-experiencia-do-candidato","tag-indicadores-de-rh","tag-recrutamento","tag-recrutamento-e-selecao","tag-rh-estrategico"],"_links":{"self":[{"href":"https:\/\/www.habaut.com.br\/blog\/wp-json\/wp\/v2\/posts\/5215","targetHints":{"allow":["GET"]}}],"collection":[{"href":"https:\/\/www.habaut.com.br\/blog\/wp-json\/wp\/v2\/posts"}],"about":[{"href":"https:\/\/www.habaut.com.br\/blog\/wp-json\/wp\/v2\/types\/post"}],"author":[{"embeddable":true,"href":"https:\/\/www.habaut.com.br\/blog\/wp-json\/wp\/v2\/users\/1"}],"replies":[{"embeddable":true,"href":"https:\/\/www.habaut.com.br\/blog\/wp-json\/wp\/v2\/comments?post=5215"}],"version-history":[{"count":0,"href":"https:\/\/www.habaut.com.br\/blog\/wp-json\/wp\/v2\/posts\/5215\/revisions"}],"wp:featuredmedia":[{"embeddable":true,"href":"https:\/\/www.habaut.com.br\/blog\/wp-json\/wp\/v2\/media\/5214"}],"wp:attachment":[{"href":"https:\/\/www.habaut.com.br\/blog\/wp-json\/wp\/v2\/media?parent=5215"}],"wp:term":[{"taxonomy":"category","embeddable":true,"href":"https:\/\/www.habaut.com.br\/blog\/wp-json\/wp\/v2\/categories?post=5215"},{"taxonomy":"post_tag","embeddable":true,"href":"https:\/\/www.habaut.com.br\/blog\/wp-json\/wp\/v2\/tags?post=5215"}],"curies":[{"name":"wp","href":"https:\/\/api.w.org\/{rel}","templated":true}]}}