{"id":5223,"date":"2026-09-04T17:36:34","date_gmt":"2026-09-04T20:36:34","guid":{"rendered":"https:\/\/www.habaut.com.br\/blog\/?p=5223"},"modified":"2026-09-04T17:36:34","modified_gmt":"2026-09-04T20:36:34","slug":"justa-causa-redes-sociais","status":"publish","type":"post","link":"https:\/\/www.habaut.com.br\/blog\/justa-causa-redes-sociais\/","title":{"rendered":"Justa causa por redes sociais: dois casos, decis\u00f5es opostas"},"content":{"rendered":"<p><strong>Justa causa por redes sociais n\u00e3o nasce de uma palavra proibida nem de um v\u00eddeo constrangedor isolado.<\/strong> Ela depende do que foi publicado, de como a postagem se conecta ao trabalho, da prova preservada e da proporcionalidade da resposta. Dois casos recentes envolvendo v\u00eddeos no TikTok chegaram a resultados opostos e mostram por que agir por impulso \u00e9 perigoso para o trabalhador e para a empresa.<\/p>\n<div style=\"background:#f8fafc; border:1px solid #cbd5e1; border-radius:12px; padding:16px 18px; margin:20px 0;\">\n<p style=\"margin:0 0 10px; color:#17324d; font-size:20px;\"><strong>Resumo r\u00e1pido<\/strong><\/p>\n<ul style=\"margin:0; padding-left:20px;\">\n<li>A CLT n\u00e3o cont\u00e9m uma regra autom\u00e1tica chamada &#8220;demiss\u00e3o por postagem&#8221;.<\/li>\n<li>Conte\u00fado, v\u00ednculo com a empresa, hor\u00e1rio, uniforme, repeti\u00e7\u00e3o, dano, regras internas e hist\u00f3rico disciplinar podem mudar a an\u00e1lise.<\/li>\n<li>Em um caso, a revers\u00e3o da justa causa foi mantida; em outro, o TRT da Bahia considerou a penalidade proporcional.<\/li>\n<li>O trabalhador deve avaliar exposi\u00e7\u00e3o e contexto antes de postar. O RH deve preservar prova, ouvir as partes e comparar san\u00e7\u00f5es antes de demitir.<\/li>\n<\/ul>\n<\/div>\n<h2>Justa causa por redes sociais: o que os dois casos mostram<\/h2>\n<p>O ponto de partida jur\u00eddico est\u00e1 no <a href=\"https:\/\/www.planalto.gov.br\/ccivil_03\/decreto-lei\/del5452compilado.htm\" title=\"Consultar o artigo 482 da CLT no site oficial do Planalto\" aria-label=\"Consultar o artigo 482 da CLT no site oficial do Planalto\" target=\"_blank\" rel=\"nofollow noopener noreferrer\">artigo 482 da CLT<\/a>. Ele re\u00fane hip\u00f3teses como mau procedimento, viola\u00e7\u00e3o de segredo da empresa, indisciplina, insubordina\u00e7\u00e3o e atos lesivos \u00e0 honra ou \u00e0 boa fama. O texto legal n\u00e3o diz que mencionar o empregador em uma rede social leva automaticamente \u00e0 penalidade m\u00e1xima.<\/p>\n<p>Isso muda a pergunta. Para analisar justa causa por redes sociais, em vez de perguntar apenas se o empregado falou mal da empresa, \u00e9 preciso examinar <strong>qual conduta comprovada poderia se encaixar em uma hip\u00f3tese legal<\/strong> e se a demiss\u00e3o imediata foi adequada \u00e0 gravidade do caso. A mesma plataforma e o mesmo desconforto gerencial podem esconder situa\u00e7\u00f5es muito diferentes.<\/p>\n<blockquote style=\"border-left:4px solid #0b6bcb; margin:18px 0; padding:14px 18px; background:#f3f8ff; color:#1f2933;\"><p>\n  <strong>Leitura correta:<\/strong> decis\u00f5es judiciais sobre justa causa por redes sociais s\u00e3o altamente contextuais. Um precedente ajuda a identificar crit\u00e9rios, mas n\u00e3o funciona como autoriza\u00e7\u00e3o pr\u00e9via para postar nem como licen\u00e7a autom\u00e1tica para demitir.\n<\/p><\/blockquote>\n<h2>Dois v\u00eddeos, resultados opostos<\/h2>\n<p>No primeiro caso, noticiado pelo <a href=\"https:\/\/www.tst.jus.br\/-\/auxiliar-de-estoque-demitido-por-postar-videos-ironicos-sobre-empresa-tem-justa-causa-revertida-1\" title=\"Ler a not\u00edcia oficial do TST sobre v\u00eddeos ir\u00f4nicos e revers\u00e3o da justa causa\" aria-label=\"Ler a not\u00edcia oficial do TST sobre v\u00eddeos ir\u00f4nicos e revers\u00e3o da justa causa\" target=\"_blank\" rel=\"nofollow noopener noreferrer\">Tribunal Superior do Trabalho em janeiro de 2026<\/a>, um auxiliar de estoque publicou v\u00eddeos ir\u00f4nicos gravados dentro da empresa e aparecia uniformizado. As inst\u00e2ncias anteriores consideraram a puni\u00e7\u00e3o desproporcional: n\u00e3o viram dano comprovado \u00e0 empresa, hist\u00f3rico disciplinar anterior, queda de produtividade nem regra interna espec\u00edfica sobre redes sociais.<\/p>\n<p>A Quinta Turma do TST manteve o resultado favor\u00e1vel ao trabalhador no processo RR-0020158-40.2023.5.04.0291. H\u00e1 uma precis\u00e3o importante: o Tribunal n\u00e3o declarou que v\u00eddeos desse tipo s\u00e3o sempre permitidos. O recurso exigiria reexaminar fatos e provas j\u00e1 avaliados, o que encontrou o obst\u00e1culo processual da S\u00famula 126 do TST. Portanto, a decis\u00e3o preservou a conclus\u00e3o do caso concreto.<\/p>\n<p>No segundo caso, a <a href=\"https:\/\/www.trt5.jus.br\/noticias\/trt-ba-mantem-justa-causa-trabalhadora-que-gravou-video-tiktok-reclamando-empresa\" title=\"Ler a not\u00edcia oficial do TRT da Bahia sobre justa causa mantida por v\u00eddeo no TikTok\" aria-label=\"Ler a not\u00edcia oficial do TRT da Bahia sobre justa causa mantida por v\u00eddeo no TikTok\" target=\"_blank\" rel=\"nofollow noopener noreferrer\">Quarta Turma do TRT da Bahia<\/a> manteve, em dezembro de 2025, a justa causa de uma ajudante de cozinha. Segundo o relato oficial, ela gravou durante o expediente e de uniforme um v\u00eddeo aberto no TikTok em que reclamava do tratamento de gestores. A apura\u00e7\u00e3o interna n\u00e3o confirmou os maus-tratos, e havia outros v\u00eddeos feitos no local de trabalho durante o hor\u00e1rio de servi\u00e7o.<\/p>\n<p>O colegiado regional entendeu que o conjunto caracterizou mau procedimento e viola\u00e7\u00e3o dos deveres de lealdade e urbanidade, com resposta proporcional. A not\u00edcia tamb\u00e9m informava a possibilidade de recurso. Assim, esse resultado tampouco transforma toda cr\u00edtica p\u00fablica em justa causa por redes sociais.<\/p>\n<table style=\"width:100%; border-collapse:collapse; margin:22px 0; font-size:15px;\">\n<thead>\n<tr>\n<th style=\"border:1px solid #d9e2ea; background:#eef4f8; padding:10px; text-align:left;\">Crit\u00e9rio<\/th>\n<th style=\"border:1px solid #d9e2ea; background:#eef4f8; padding:10px; text-align:left;\">Caso com revers\u00e3o mantida<\/th>\n<th style=\"border:1px solid #d9e2ea; background:#eef4f8; padding:10px; text-align:left;\">Caso com penalidade mantida<\/th>\n<\/tr>\n<\/thead>\n<tbody>\n<tr>\n<td style=\"border:1px solid #d9e2ea; padding:10px;\"><strong>Local e v\u00ednculo visual<\/strong><\/td>\n<td style=\"border:1px solid #d9e2ea; padding:10px;\">V\u00eddeos no interior da empresa e uso de uniforme.<\/td>\n<td style=\"border:1px solid #d9e2ea; padding:10px;\">V\u00eddeo no trabalho, durante o expediente e com uniforme.<\/td>\n<\/tr>\n<tr>\n<td style=\"border:1px solid #d9e2ea; padding:10px;\"><strong>Conte\u00fado descrito<\/strong><\/td>\n<td style=\"border:1px solid #d9e2ea; padding:10px;\">Coment\u00e1rios ir\u00f4nicos sobre situa\u00e7\u00f5es do trabalho.<\/td>\n<td style=\"border:1px solid #d9e2ea; padding:10px;\">Reclama\u00e7\u00e3o p\u00fablica sobre o tratamento atribu\u00eddo a gestores.<\/td>\n<\/tr>\n<tr>\n<td style=\"border:1px solid #d9e2ea; padding:10px;\"><strong>Dano e repercuss\u00e3o<\/strong><\/td>\n<td style=\"border:1px solid #d9e2ea; padding:10px;\">As inst\u00e2ncias de origem n\u00e3o reconheceram preju\u00edzo comprovado ou repercuss\u00e3o negativa suficiente.<\/td>\n<td style=\"border:1px solid #d9e2ea; padding:10px;\">O tribunal regional valorizou a exposi\u00e7\u00e3o p\u00fablica e o contexto funcional da conduta.<\/td>\n<\/tr>\n<tr>\n<td style=\"border:1px solid #d9e2ea; padding:10px;\"><strong>Hist\u00f3rico e repeti\u00e7\u00e3o<\/strong><\/td>\n<td style=\"border:1px solid #d9e2ea; padding:10px;\">Sem hist\u00f3rico disciplinar anterior apontado e com boa produtividade.<\/td>\n<td style=\"border:1px solid #d9e2ea; padding:10px;\">Outros v\u00eddeos no local e no hor\u00e1rio de trabalho integraram o contexto.<\/td>\n<\/tr>\n<tr>\n<td style=\"border:1px solid #d9e2ea; padding:10px;\"><strong>Resultado processual<\/strong><\/td>\n<td style=\"border:1px solid #d9e2ea; padding:10px;\">TST manteve a revers\u00e3o sem reexaminar fatos e provas.<\/td>\n<td style=\"border:1px solid #d9e2ea; padding:10px;\">TRT-5 manteve a justa causa no julgamento regional noticiado.<\/td>\n<\/tr>\n<\/tbody>\n<\/table>\n<p>A compara\u00e7\u00e3o n\u00e3o serve para escolher o caso mais conveniente. Uma decis\u00e3o sobre justa causa por redes sociais exige preencher lacunas antes de qualquer conclus\u00e3o: o alcance real da postagem, o conte\u00fado completo, a autenticidade do arquivo, a conex\u00e3o com o contrato, a exist\u00eancia de regra conhecida e a consist\u00eancia da resposta disciplinar.<\/p>\n<h2>Matriz de decis\u00e3o antes de aplicar a penalidade<\/h2>\n<p>A justa causa \u00e9 a san\u00e7\u00e3o mais grave dispon\u00edvel ao empregador. Por isso, um print isolado, sem URL, data, sequ\u00eancia da conversa ou identifica\u00e7\u00e3o confi\u00e1vel, \u00e9 uma base fr\u00e1gil para justa causa por redes sociais. O RH precisa separar inc\u00f4modo reputacional de falta grave comprovada.<\/p>\n<div style=\"background:#fffaf0; border:1px solid #f2d28b; border-radius:12px; padding:18px; margin:22px 0;\">\n<p style=\"margin:0 0 10px; color:#5d4300; font-size:20px;\"><strong>Oito perguntas para o RH<\/strong><\/p>\n<ol style=\"margin:0; padding-left:22px;\">\n<li>O arquivo \u00e9 aut\u00eantico, completo e vinculado \u00e0 pessoa investigada?<\/li>\n<li>O conte\u00fado menciona ou permite identificar empresa, clientes, colegas ou informa\u00e7\u00e3o protegida?<\/li>\n<li>A publica\u00e7\u00e3o ocorreu no expediente, no ambiente de trabalho ou com uniforme e equipamentos da empresa?<\/li>\n<li>H\u00e1 amea\u00e7a, discrimina\u00e7\u00e3o, exposi\u00e7\u00e3o de segredo, acusa\u00e7\u00e3o falsa ou ataque pessoal comprov\u00e1vel?<\/li>\n<li>Qual foi o alcance e qual dano concreto pode ser demonstrado?<\/li>\n<li>A regra interna era clara, conhecida, espec\u00edfica e aplicada de forma consistente?<\/li>\n<li>Existe hist\u00f3rico disciplinar ou repeti\u00e7\u00e3o relevante?<\/li>\n<li>Advert\u00eancia, suspens\u00e3o ou outra medida seria suficiente diante da gravidade?<\/li>\n<\/ol>\n<\/div>\n<p>As respostas n\u00e3o formam uma calculadora jur\u00eddica. Elas organizam a investiga\u00e7\u00e3o de justa causa por redes sociais e reduzem o risco de transformar antipatia em prova. O guia da Habaut sobre <a href=\"https:\/\/www.habaut.com.br\/blog\/atestado-adulterado-justa-causa\/\" title=\"Entender por que a justa causa exige prova antes da puni\u00e7\u00e3o\" aria-label=\"Entender por que a justa causa exige prova antes da puni\u00e7\u00e3o\">atestado adulterado e justa causa<\/a> aprofunda dois princ\u00edpios que tamb\u00e9m importam aqui: qualidade da evid\u00eancia e proporcionalidade.<\/p>\n<p>A empresa tamb\u00e9m deve agir sem demora injustificada depois de conhecer e apurar a conduta. Em outro contexto, a <a href=\"https:\/\/www.tst.jus.br\/en\/-\/justa-causa-%C3%A9-anulada-por-ter-sido-aplicada-quatro-meses-depois-da-falta-cometida-pelo-empregado\" title=\"Ler a not\u00edcia oficial do TST sobre a exig\u00eancia de imediatidade na justa causa\" aria-label=\"Ler a not\u00edcia oficial do TST sobre a exig\u00eancia de imediatidade na justa causa\" target=\"_blank\" rel=\"nofollow noopener noreferrer\">S\u00e9tima Turma do TST anulou uma justa causa aplicada quatro meses ap\u00f3s a falta<\/a>, por entender violada a exig\u00eancia de imediatidade. Rapidez, por\u00e9m, n\u00e3o significa pular a apura\u00e7\u00e3o. Significa investigar com prioridade e decidir sem deixar a acusa\u00e7\u00e3o indefinidamente suspensa.<\/p>\n<h2>Como preservar prova digital sem criar outra viola\u00e7\u00e3o?<\/h2>\n<p>Uma investiga\u00e7\u00e3o de justa causa por redes sociais deve come\u00e7ar pela fonte l\u00edcita e pelo m\u00ednimo necess\u00e1rio. Se o conte\u00fado \u00e9 p\u00fablico, registre URL, data, hor\u00e1rio, perfil, contexto anterior e posterior, al\u00e9m do arquivo original quando poss\u00edvel. Preserve quem coletou a evid\u00eancia e como ela foi armazenada.<\/p>\n<p>Evite pedir senha, acessar conversa privada por artif\u00edcio ou vasculhar a vida pessoal sem conex\u00e3o demonstr\u00e1vel com o fato. Tamb\u00e9m n\u00e3o edite o v\u00eddeo para destacar apenas o trecho mais desfavor\u00e1vel. A vers\u00e3o integral pode revelar ironia, resposta a outra pessoa, informa\u00e7\u00e3o ausente ou identifica\u00e7\u00e3o incorreta.<\/p>\n<p>Antes da decis\u00e3o, d\u00ea ao trabalhador a oportunidade de explicar autoria, contexto e eventuais manipula\u00e7\u00f5es. Isso n\u00e3o elimina o poder disciplinar da empresa. Melhora a qualidade factual da escolha e cria um registro mais confi\u00e1vel do que foi considerado.<\/p>\n<p>O mesmo cuidado vale para ferramentas de monitoramento. O conte\u00fado sobre <a href=\"https:\/\/www.habaut.com.br\/blog\/people-analytics-preditivo\/\" title=\"Usar people analytics para antecipar riscos sem vigiar pessoas\" aria-label=\"Usar people analytics para antecipar riscos sem vigiar pessoas\">people analytics sem vigil\u00e2ncia<\/a> ajuda a distinguir um controle necess\u00e1rio de uma coleta invasiva que produz mais risco do que clareza.<\/p>\n<h2>Checklist do trabalhador antes de publicar<\/h2>\n<p>O fato de um perfil ser pessoal n\u00e3o apaga toda conex\u00e3o com o emprego. Ao mesmo tempo, o v\u00ednculo empregat\u00edcio n\u00e3o entrega ao empregador controle total sobre a vida privada. O risco de justa causa por redes sociais cresce quando o conte\u00fado exp\u00f5e pessoas identific\u00e1veis, informa\u00e7\u00f5es internas, clientes, instala\u00e7\u00f5es, uniforme ou rotina de trabalho.<\/p>\n<ul>\n<li><strong>Retire identificadores desnecess\u00e1rios.<\/strong> Nome, crach\u00e1, tela, documento, uniforme e cen\u00e1rio podem revelar mais do que a legenda.<\/li>\n<li><strong>N\u00e3o publique segredo ou dado pessoal.<\/strong> Informa\u00e7\u00f5es de clientes, colegas, candidatos, opera\u00e7\u00e3o e estrat\u00e9gia merecem cuidado especial.<\/li>\n<li><strong>Separe cr\u00edtica de ataque.<\/strong> Relatar um problema n\u00e3o exige insultar, amea\u00e7ar ou atribuir crime sem prova.<\/li>\n<li><strong>Considere o canal adequado.<\/strong> Risco de seguran\u00e7a, ass\u00e9dio ou ilegalidade pode exigir den\u00fancia interna, sindicato, advogado ou autoridade competente, e n\u00e3o uma exposi\u00e7\u00e3o improvisada.<\/li>\n<li><strong>Leia a pol\u00edtica aplic\u00e1vel.<\/strong> Uma regra interna n\u00e3o elimina direitos, mas ajuda a entender expectativas sobre imagem, equipamento, expediente e confidencialidade.<\/li>\n<li><strong>Espere antes de postar com raiva.<\/strong> Um conte\u00fado replicado ou salvo por terceiros pode continuar circulando mesmo depois de apagado.<\/li>\n<\/ul>\n<p>Esse checklist n\u00e3o promete imunidade contra justa causa por redes sociais. Ele reduz decis\u00f5es impulsivas e ajuda a preservar a diferen\u00e7a entre manifesta\u00e7\u00e3o pessoal, den\u00fancia respons\u00e1vel e conduta que pode produzir dano real.<\/p>\n<h2>Pol\u00edtica de redes sociais que funciona na pr\u00e1tica<\/h2>\n<p>Uma boa pol\u00edtica sobre justa causa por redes sociais n\u00e3o diz apenas &#8220;n\u00e3o fale mal da empresa&#8221;. Essa frase \u00e9 vaga, dif\u00edcil de aplicar e capaz de tratar qualquer cr\u00edtica como deslealdade. O documento deve explicar comportamentos concretos: uso de uniforme, grava\u00e7\u00e3o em \u00e1rea restrita, exposi\u00e7\u00e3o de clientes, divulga\u00e7\u00e3o de informa\u00e7\u00e3o confidencial, ass\u00e9dio, discrimina\u00e7\u00e3o e publica\u00e7\u00e3o durante o expediente.<\/p>\n<p>Tamb\u00e9m precisa informar canais seguros para d\u00favidas e den\u00fancias, consequ\u00eancias poss\u00edveis e quem conduz a apura\u00e7\u00e3o. Treinamento curto com exemplos costuma ser mais \u00fatil do que um termo longo assinado na admiss\u00e3o e esquecido.<\/p>\n<p>A consist\u00eancia importa. Punir apenas quem tem pouca influ\u00eancia, enquanto gestores repetem condutas parecidas sem consequ\u00eancia, enfraquece a legitimidade da regra. A pol\u00edtica deve proteger pessoas e opera\u00e7\u00e3o, n\u00e3o servir como instrumento para eliminar cr\u00edticas desconfort\u00e1veis.<\/p>\n<p>O artigo sobre <a href=\"https:\/\/www.habaut.com.br\/blog\/social-recruiting\/\" title=\"Entender como a presen\u00e7a nas redes sociais se conecta ao trabalho\" aria-label=\"Entender como a presen\u00e7a nas redes sociais se conecta ao trabalho\">social recruiting<\/a> mostra o outro lado dessa fronteira: empresas incentivam presen\u00e7a digital quando ela favorece atra\u00e7\u00e3o e marca empregadora. A coer\u00eancia exige que a rela\u00e7\u00e3o com as redes n\u00e3o mude de positiva para proibida apenas quando surge discord\u00e2ncia.<\/p>\n<h2>Perguntas frequentes<\/h2>\n<h3>Falar mal da empresa nas redes sociais d\u00e1 justa causa?<\/h3>\n<p>N\u00e3o automaticamente. Para avaliar justa causa por redes sociais, conte\u00fado, forma, identifica\u00e7\u00e3o da empresa ou de pessoas, alcance, dano, regra interna, hist\u00f3rico e proporcionalidade precisam ser analisados. Uma cr\u00edtica n\u00e3o \u00e9 igual a amea\u00e7a, divulga\u00e7\u00e3o de segredo ou ataque pessoal.<\/p>\n<h3>Apagar o post elimina o risco?<\/h3>\n<p>N\u00e3o necessariamente. Terceiros podem ter preservado o conte\u00fado, e a exclus\u00e3o n\u00e3o apaga o contexto anterior. Por outro lado, um print recortado tamb\u00e9m n\u00e3o prova sozinho autoria, integridade e gravidade.<\/p>\n<h3>A empresa precisa advertir antes de aplicar justa causa por redes sociais?<\/h3>\n<p>Depende da gravidade e das circunst\u00e2ncias. H\u00e1 faltas que podem justificar resposta imediata e outras em que a grada\u00e7\u00e3o das penalidades pesa na proporcionalidade. N\u00e3o existe uma sequ\u00eancia autom\u00e1tica capaz de substituir a an\u00e1lise do caso.<\/p>\n<h3>O RH pode olhar o perfil pessoal do empregado?<\/h3>\n<p>Conte\u00fado publicamente acess\u00edvel pode chegar ao conhecimento da empresa, mas isso n\u00e3o autoriza invas\u00e3o de conta, coleta ilimitada ou monitoramento sem finalidade. A investiga\u00e7\u00e3o deve ser l\u00edcita, necess\u00e1ria e conectada ao fato apurado.<\/p>\n<h3>O que fazer ao receber um v\u00eddeo sobre um empregado?<\/h3>\n<p>Preserve a vers\u00e3o integral, registre origem e contexto, limite a circula\u00e7\u00e3o interna, ou\u00e7a os envolvidos e procure orienta\u00e7\u00e3o qualificada antes de aplicar a penalidade m\u00e1xima. Evite encaminhar o material em grupos ou ampliar desnecessariamente a exposi\u00e7\u00e3o.<\/p>\n<h2>Contexto antes da senten\u00e7a<\/h2>\n<p>Os dois casos n\u00e3o se contradizem tanto quanto parece. Eles mostram que justa causa por redes sociais depende de fatos que um t\u00edtulo ou um print raramente captura: v\u00ednculo com o trabalho, conte\u00fado completo, repeti\u00e7\u00e3o, dano, pol\u00edtica conhecida, hist\u00f3rico e adequa\u00e7\u00e3o da resposta.<\/p>\n<p>Para o trabalhador, a melhor prote\u00e7\u00e3o come\u00e7a antes do bot\u00e3o publicar. Para o RH, come\u00e7a antes da carta de demiss\u00e3o. Uma conclus\u00e3o sobre justa causa por redes sociais precisa responder \u00e0 mesma pergunta nos dois lados: <strong>qual fato est\u00e1 comprovado, qual risco ele criou e por que esta resposta \u00e9 proporcional?<\/strong><\/p>\n<p>Se a decis\u00e3o envolver um caso real, procure um advogado trabalhista, o sindicato ou a autoridade competente. Este conte\u00fado \u00e9 educativo, foi revisado em setembro de 2026 e n\u00e3o substitui an\u00e1lise jur\u00eddica individual.<\/p>\n<p>Se o desligamento ocorrer, o processo ainda precisa ser conduzido com respeito e controles claros. O guia sobre <a href=\"https:\/\/www.habaut.com.br\/blog\/demissao-remota\/\" title=\"Planejar uma demiss\u00e3o remota com seguran\u00e7a e respeito\" aria-label=\"Planejar uma demiss\u00e3o remota com seguran\u00e7a e respeito\">demiss\u00e3o remota<\/a> ajuda a organizar comunica\u00e7\u00e3o, acessos e documenta\u00e7\u00e3o sem transformar o momento em exposi\u00e7\u00e3o adicional.<\/p>\n","protected":false},"excerpt":{"rendered":"<p>Dois v\u00eddeos no TikTok tiveram decis\u00f5es opostas. Veja quais fatos, provas e crit\u00e9rios o trabalhador e o RH precisam avaliar antes de postar ou punir.<\/p>\n","protected":false},"author":1,"featured_media":5222,"comment_status":"closed","ping_status":"open","sticky":false,"template":"","format":"standard","meta":{"footnotes":""},"categories":[81],"tags":[1046,1229,953,1263,1264],"class_list":["post-5223","post","type-post","status-publish","format-standard","has-post-thumbnail","category-gestao-de-pessoas","tag-compliance-trabalhista","tag-demissao","tag-direitos-trabalhistas","tag-justa-causa","tag-relacoes-trabalhistas"],"_links":{"self":[{"href":"https:\/\/www.habaut.com.br\/blog\/wp-json\/wp\/v2\/posts\/5223","targetHints":{"allow":["GET"]}}],"collection":[{"href":"https:\/\/www.habaut.com.br\/blog\/wp-json\/wp\/v2\/posts"}],"about":[{"href":"https:\/\/www.habaut.com.br\/blog\/wp-json\/wp\/v2\/types\/post"}],"author":[{"embeddable":true,"href":"https:\/\/www.habaut.com.br\/blog\/wp-json\/wp\/v2\/users\/1"}],"replies":[{"embeddable":true,"href":"https:\/\/www.habaut.com.br\/blog\/wp-json\/wp\/v2\/comments?post=5223"}],"version-history":[{"count":0,"href":"https:\/\/www.habaut.com.br\/blog\/wp-json\/wp\/v2\/posts\/5223\/revisions"}],"wp:featuredmedia":[{"embeddable":true,"href":"https:\/\/www.habaut.com.br\/blog\/wp-json\/wp\/v2\/media\/5222"}],"wp:attachment":[{"href":"https:\/\/www.habaut.com.br\/blog\/wp-json\/wp\/v2\/media?parent=5223"}],"wp:term":[{"taxonomy":"category","embeddable":true,"href":"https:\/\/www.habaut.com.br\/blog\/wp-json\/wp\/v2\/categories?post=5223"},{"taxonomy":"post_tag","embeddable":true,"href":"https:\/\/www.habaut.com.br\/blog\/wp-json\/wp\/v2\/tags?post=5223"}],"curies":[{"name":"wp","href":"https:\/\/api.w.org\/{rel}","templated":true}]}}