{"id":5227,"date":"2026-09-05T18:29:28","date_gmt":"2026-09-05T21:29:28","guid":{"rendered":"https:\/\/www.habaut.com.br\/blog\/?p=5227"},"modified":"2026-09-05T18:29:28","modified_gmt":"2026-09-05T21:29:28","slug":"pdv-quitacao-total-acao","status":"publish","type":"post","link":"https:\/\/www.habaut.com.br\/blog\/pdv-quitacao-total-acao\/","title":{"rendered":"PDV com quita\u00e7\u00e3o total pode encerrar a\u00e7\u00e3o j\u00e1 aberta?"},"content":{"rendered":"<p><strong>Voc\u00ea entrou em uma a\u00e7\u00e3o de horas extras, o processo ainda estava aberto e, meses depois, apareceu um Programa de Demiss\u00e3o Volunt\u00e1ria com uma indeniza\u00e7\u00e3o atraente. A d\u00favida n\u00e3o \u00e9 apenas quanto ser\u00e1 pago: um PDV com quita\u00e7\u00e3o total pode alcan\u00e7ar tamb\u00e9m o que j\u00e1 estava sendo discutido na Justi\u00e7a.<\/strong><\/p>\n<p>Uma decis\u00e3o divulgada pelo Tribunal Superior do Trabalho em 21 de agosto de 2026 mostra que isso pode acontecer quando a quita\u00e7\u00e3o ampla est\u00e1 expressamente prevista em negocia\u00e7\u00e3o coletiva e nos documentos de ades\u00e3o. O ponto mais importante \u00e9 o limite: <strong>n\u00e3o basta existir um documento chamado PDV para que toda pretens\u00e3o desapare\u00e7a automaticamente<\/strong>.<\/p>\n<div style=\"background:#f8fafc; border:1px solid #cbd5e1; border-radius:12px; padding:16px 18px; margin:20px 0;\">\n<p style=\"margin:0 0 10px; font-size:18px; font-weight:700; color:#1f2937;\">Resumo r\u00e1pido<\/p>\n<ul style=\"margin:0; padding-left:20px;\">\n<li>No caso recente, a ades\u00e3o ao PDV ocorreu depois do in\u00edcio da a\u00e7\u00e3o de horas extras.<\/li>\n<li>O TST reconheceu a quita\u00e7\u00e3o geral porque havia previs\u00e3o expressa nos instrumentos coletivos e de ades\u00e3o analisados.<\/li>\n<li>PDV individual, cl\u00e1usula vaga, aus\u00eancia de negocia\u00e7\u00e3o coletiva ou v\u00edcio de consentimento exigem outra an\u00e1lise.<\/li>\n<li>Antes de assinar, trabalhador e RH precisam mapear claramente o que ser\u00e1 quitado, quais a\u00e7\u00f5es existem e quais exce\u00e7\u00f5es foram preservadas.<\/li>\n<\/ul>\n<\/div>\n<h2>PDV com quita\u00e7\u00e3o total pode encerrar uma a\u00e7\u00e3o j\u00e1 aberta?<\/h2>\n<p>Pode, conforme a reda\u00e7\u00e3o dos instrumentos e as circunst\u00e2ncias concretas. Na not\u00edcia oficial sobre o caso, o <a href=\"https:\/\/www.tst.jus.br\/-\/tst-extingue-acao-sobre-horas-extras-apos-adesao-de-empregado-a-pdv\" title=\"Ler a not\u00edcia oficial do TST sobre a\u00e7\u00e3o de horas extras e ades\u00e3o ao PDV\" aria-label=\"Ler a not\u00edcia oficial do TST sobre a\u00e7\u00e3o de horas extras e ades\u00e3o ao PDV\" target=\"_blank\" rel=\"nofollow noopener noreferrer\">TST informou que a Subse\u00e7\u00e3o I Especializada em Diss\u00eddios Individuais, a SDI-1, extinguiu uma a\u00e7\u00e3o de horas extras<\/a> ap\u00f3s considerar que a ades\u00e3o posterior do trabalhador ao plano deu quita\u00e7\u00e3o total e irrestrita ao contrato.<\/p>\n<p>A decis\u00e3o seguiu o entendimento do Supremo Tribunal Federal sobre planos aprovados por negocia\u00e7\u00e3o coletiva. A tese do <a href=\"https:\/\/portal.stf.jus.br\/jurisprudenciaRepercussao\/verPronunciamento.asp?pronunciamento=8147527\" title=\"Consultar a tese do STF sobre quita\u00e7\u00e3o ampla em plano de dispensa incentivada\" aria-label=\"Consultar a tese do STF sobre quita\u00e7\u00e3o ampla em plano de dispensa incentivada\" target=\"_blank\" rel=\"nofollow noopener noreferrer\">Tema 152 do STF<\/a> admite quita\u00e7\u00e3o ampla quando essa condi\u00e7\u00e3o aparece expressamente no acordo coletivo que aprovou o plano e nos demais instrumentos firmados com o empregado.<\/p>\n<blockquote style=\"border-left:4px solid #0b6bcb; margin:18px 0; padding:14px 18px; background:#f3f8ff; color:#1f2933;\"><p>\n  <strong>O que a manchete n\u00e3o deve esconder:<\/strong> o julgamento n\u00e3o criou uma regra segundo a qual qualquer PDV elimina qualquer a\u00e7\u00e3o trabalhista. Negocia\u00e7\u00e3o coletiva, cl\u00e1usula expressa, documentos assinados e fatos do caso mudam o resultado.\n<\/p><\/blockquote>\n<h2>A linha do tempo muda a leitura do caso<\/h2>\n<p>O aspecto que torna a decis\u00e3o especialmente relevante \u00e9 a ordem dos acontecimentos. A discuss\u00e3o judicial sobre horas extras j\u00e1 existia quando o trabalhador aderiu ao plano. A empresa apresentou a ades\u00e3o como fato posterior capaz de afetar a continuidade do processo, e o colegiado acolheu esse efeito no caso analisado.<\/p>\n<div style=\"background:#fffaf0; border:1px solid #f2d28b; border-radius:12px; padding:16px 18px; margin:20px 0;\">\n<p style=\"margin:0 0 10px; font-size:18px; font-weight:700; color:#5b4215;\">Linha do tempo para entender a decis\u00e3o<\/p>\n<ol style=\"margin:0; padding-left:22px;\">\n<li>O trabalhador discutia horas extras em uma a\u00e7\u00e3o.<\/li>\n<li>Depois, aderiu voluntariamente a um programa de desligamento.<\/li>\n<li>Os instrumentos examinados continham quita\u00e7\u00e3o geral do contrato.<\/li>\n<li>O TST aplicou o entendimento do STF e extinguiu a demanda.<\/li>\n<\/ol>\n<\/div>\n<p>Isso ajuda a corrigir uma percep\u00e7\u00e3o comum: ajuizar a a\u00e7\u00e3o antes da assinatura n\u00e3o torna necessariamente o pedido imune a uma transa\u00e7\u00e3o posterior. Ao mesmo tempo, <strong>uma decis\u00e3o sobre determinado plano e determinada cl\u00e1usula n\u00e3o permite concluir que todos os processos abertos ter\u00e3o o mesmo destino<\/strong>.<\/p>\n<h2>O que a CLT diz sobre a quita\u00e7\u00e3o no PDV?<\/h2>\n<p>O <a href=\"https:\/\/www.planalto.gov.br\/ccivil_03\/decreto-lei\/del5452compilado.htm\" title=\"Consultar o artigo 477-B da CLT no portal oficial da legisla\u00e7\u00e3o federal\" aria-label=\"Consultar o artigo 477-B da CLT no portal oficial da legisla\u00e7\u00e3o federal\" target=\"_blank\" rel=\"nofollow noopener noreferrer\">artigo 477-B da CLT<\/a> prev\u00ea que o plano de demiss\u00e3o volunt\u00e1ria ou incentivada, quando estabelecido em conven\u00e7\u00e3o coletiva ou acordo coletivo de trabalho, produz quita\u00e7\u00e3o plena e irrevog\u00e1vel dos direitos decorrentes da rela\u00e7\u00e3o de emprego, salvo disposi\u00e7\u00e3o contr\u00e1ria entre as partes.<\/p>\n<p>Tr\u00eas express\u00f5es merecem aten\u00e7\u00e3o: <strong>negocia\u00e7\u00e3o coletiva, quita\u00e7\u00e3o plena e disposi\u00e7\u00e3o em contr\u00e1rio<\/strong>. Elas mostram por que n\u00e3o \u00e9 seguro ler apenas o formul\u00e1rio individual ou apenas o valor da indeniza\u00e7\u00e3o. O acordo ou a conven\u00e7\u00e3o que instituiu o plano, o termo de ades\u00e3o, as ressalvas e os anexos precisam ser lidos em conjunto.<\/p>\n<p>Tamb\u00e9m existe uma distin\u00e7\u00e3o pr\u00e1tica entre verbas discriminadas em uma rescis\u00e3o comum e a quita\u00e7\u00e3o ampla vinculada a um plano coletivo. Misturar as duas situa\u00e7\u00f5es pode levar o trabalhador a subestimar o alcance do documento e a empresa a prometer uma seguran\u00e7a jur\u00eddica que o seu pr\u00f3prio instrumento n\u00e3o sustenta.<\/p>\n<p>Da mesma forma, um pacote oferecido individualmente pela empresa n\u00e3o deve ser tratado como equivalente autom\u00e1tico ao plano previsto em acordo ou conven\u00e7\u00e3o coletiva. Pode existir uma transa\u00e7\u00e3o v\u00e1lida com efeitos pr\u00f3prios, mas a conclus\u00e3o n\u00e3o nasce apenas do nome dado ao programa. <strong>A pergunta certa \u00e9 qual instrumento criou a oferta, o que ele diz expressamente e como o termo individual reproduz ou limita esse alcance<\/strong>.<\/p>\n<h2>Quatro perguntas definem se o risco \u00e9 real<\/h2>\n<p>N\u00e3o h\u00e1 uma frase isolada que resolva todos os casos. Uma leitura respons\u00e1vel come\u00e7a por quatro perguntas objetivas.<\/p>\n<div style=\"background:#f8fafc; border:1px solid #dbe3ea; border-radius:12px; padding:16px 18px; margin:20px 0;\">\n<p style=\"margin:0 0 10px; font-size:18px; font-weight:700; color:#1f2937;\">\u00c1rvore de decis\u00e3o antes da assinatura<\/p>\n<ol style=\"margin:0; padding-left:22px;\">\n<li><strong>O plano nasceu de acordo ou conven\u00e7\u00e3o coletiva?<\/strong> Se n\u00e3o, n\u00e3o presuma o mesmo efeito reconhecido no caso do TST.<\/li>\n<li><strong>A quita\u00e7\u00e3o ampla aparece de forma expressa?<\/strong> Procure a cl\u00e1usula no instrumento coletivo e no termo de ades\u00e3o, n\u00e3o s\u00f3 em um resumo do RH.<\/li>\n<li><strong>H\u00e1 ressalvas ou direitos preservados?<\/strong> O pr\u00f3prio artigo 477-B admite disposi\u00e7\u00e3o em contr\u00e1rio entre as partes.<\/li>\n<li><strong>Existe a\u00e7\u00e3o, den\u00fancia ou cr\u00e9dito j\u00e1 discutido?<\/strong> Liste processos e pedidos concretos para que a orienta\u00e7\u00e3o jur\u00eddica considere o que pode ser alcan\u00e7ado.<\/li>\n<\/ol>\n<\/div>\n<p>Se alguma resposta estiver incompleta, o passo seguinte n\u00e3o \u00e9 adivinhar. \u00c9 pedir o conjunto documental e buscar an\u00e1lise individualizada. A exist\u00eancia de uma a\u00e7\u00e3o em andamento, por exemplo, torna ainda mais importante comparar os pedidos do processo com o texto da cl\u00e1usula.<\/p>\n<h2>Checklist do trabalhador antes de aderir ao plano<\/h2>\n<p>A indeniza\u00e7\u00e3o extra costuma ocupar o centro da conversa, mas a decis\u00e3o econ\u00f4mica precisa incluir o valor dos direitos que podem estar sendo transacionados. Um n\u00famero grande no presente pode ser razo\u00e1vel, insuficiente ou at\u00e9 dif\u00edcil de comparar sem uma lista clara dos efeitos.<\/p>\n<ul>\n<li>Solicite a \u00edntegra do acordo ou da conven\u00e7\u00e3o coletiva, do regulamento do PDV e do termo de ades\u00e3o.<\/li>\n<li>Marque todas as ocorr\u00eancias de \u201cquita\u00e7\u00e3o\u201d, \u201cplena\u201d, \u201cgeral\u201d, \u201cirrevog\u00e1vel\u201d, \u201ca\u00e7\u00f5es\u201d e \u201creclama\u00e7\u00f5es\u201d.<\/li>\n<li>Liste processos em andamento, pedidos ainda n\u00e3o ajuizados e diferen\u00e7as que voc\u00ea acredita existirem.<\/li>\n<li>Separe indeniza\u00e7\u00e3o do plano, verbas rescis\u00f3rias normais, benef\u00edcios tempor\u00e1rios e eventuais condi\u00e7\u00f5es de assist\u00eancia.<\/li>\n<li>Confirme prazos, possibilidade de desist\u00eancia e consequ\u00eancias da n\u00e3o ades\u00e3o sem aceitar resposta apenas verbal.<\/li>\n<li>Leve os documentos ao sindicato ou a um advogado trabalhista habilitado, especialmente se houver a\u00e7\u00e3o aberta.<\/li>\n<li>Guarde c\u00f3pias da comunica\u00e7\u00e3o, dos c\u00e1lculos e da vers\u00e3o efetivamente assinada.<\/li>\n<\/ul>\n<blockquote style=\"border-left:4px solid #b45309; margin:18px 0; padding:14px 18px; background:#fff8ed; color:#3f2d18;\"><p>\n  <strong>Antes de decidir:<\/strong> este conte\u00fado \u00e9 educativo e n\u00e3o substitui a an\u00e1lise de um profissional habilitado. O efeito da quita\u00e7\u00e3o depende do instrumento coletivo, do termo assinado, dos pedidos envolvidos e de poss\u00edveis v\u00edcios ou ressalvas.\n<\/p><\/blockquote>\n<h2>Como o RH deve apresentar um PDV com transpar\u00eancia?<\/h2>\n<p>Para o RH, transpar\u00eancia n\u00e3o significa fazer uma leitura apressada da cl\u00e1usula nem dizer \u201cassine tranquilo\u201d. Significa criar condi\u00e7\u00f5es para uma decis\u00e3o informada. <strong>Quanto maior o alcance pretendido para a quita\u00e7\u00e3o, mais clara precisa ser a comunica\u00e7\u00e3o<\/strong>.<\/p>\n<p>O primeiro cuidado \u00e9 entregar os documentos completos com anteced\u00eancia razo\u00e1vel. O segundo \u00e9 separar informa\u00e7\u00e3o administrativa de aconselhamento jur\u00eddico: o RH pode explicar etapas, valores e canais, mas n\u00e3o deve garantir o desfecho de a\u00e7\u00f5es individuais. O terceiro \u00e9 registrar perguntas e respostas sem pressionar a ades\u00e3o.<\/p>\n<div style=\"background:#f4fbf7; border:1px solid #cde7d8; border-radius:12px; padding:16px 18px; margin:20px 0;\">\n<p style=\"margin:0 0 10px; font-size:18px; font-weight:700; color:#1f5c3f;\">Roteiro curto de comunica\u00e7\u00e3o do RH<\/p>\n<p style=\"margin:0 0 8px;\">\u201cEste plano foi institu\u00eddo por [instrumento coletivo]. O termo cont\u00e9m cl\u00e1usula de quita\u00e7\u00e3o com este alcance: [descrever sem resumir al\u00e9m do documento].\u201d<\/p>\n<p style=\"margin:0 0 8px;\">\u201cVoc\u00ea receber\u00e1 a \u00edntegra dos documentos e o prazo de an\u00e1lise. Se tiver a\u00e7\u00e3o ou d\u00favida sobre direito espec\u00edfico, procure seu sindicato ou orienta\u00e7\u00e3o jur\u00eddica independente.\u201d<\/p>\n<p style=\"margin:0;\">\u201cA ades\u00e3o \u00e9 volunt\u00e1ria. Estas s\u00e3o as condi\u00e7\u00f5es, os valores, as ressalvas e os canais formais para perguntas.\u201d<\/p>\n<\/div>\n<p>Uma comunica\u00e7\u00e3o respons\u00e1vel tamb\u00e9m conecta a sa\u00edda ao restante do processo. O prazo e o pagamento das verbas merecem confer\u00eancia pr\u00f3pria, como explicamos no guia sobre a <a href=\"https:\/\/www.habaut.com.br\/blog\/multa-artigo-477\/\" title=\"Entender o prazo rescis\u00f3rio e a multa do artigo 477 da CLT\" aria-label=\"Entender o prazo rescis\u00f3rio e a multa do artigo 477 da CLT\">multa do artigo 477 da CLT<\/a>. O <a href=\"https:\/\/www.habaut.com.br\/blog\/aviso-previo\/\" title=\"Consultar tipos e regras de aviso pr\u00e9vio\" aria-label=\"Consultar tipos e regras de aviso pr\u00e9vio\">aviso pr\u00e9vio<\/a> e os demais efeitos do desligamento n\u00e3o devem desaparecer atr\u00e1s da indeniza\u00e7\u00e3o do plano.<\/p>\n<h2>O que evitar na constru\u00e7\u00e3o e na oferta do PDV?<\/h2>\n<p>O erro mais vis\u00edvel \u00e9 vender o plano como uma oportunidade sem nomear a ren\u00fancia econ\u00f4mica envolvida. Outro problema \u00e9 transformar o prazo de ades\u00e3o em press\u00e3o emocional, principalmente quando circulam boatos de demiss\u00e3o ou perda de benef\u00edcios.<\/p>\n<ul>\n<li>N\u00e3o use apresenta\u00e7\u00e3o ou FAQ interno para suavizar uma cl\u00e1usula mais ampla que o documento.<\/li>\n<li>N\u00e3o trate o sil\u00eancio do trabalhador sobre uma a\u00e7\u00e3o como prova de inexist\u00eancia de conflito.<\/li>\n<li>N\u00e3o prometa quita\u00e7\u00e3o total se o plano n\u00e3o possui a base coletiva e a reda\u00e7\u00e3o exigidas.<\/li>\n<li>N\u00e3o misture indeniza\u00e7\u00e3o incentivada com valores rescis\u00f3rios obrigat\u00f3rios em uma soma \u00fanica sem mem\u00f3ria de c\u00e1lculo.<\/li>\n<li>N\u00e3o desestimule consulta ao sindicato ou a advogado independente.<\/li>\n<\/ul>\n<p>Em desligamentos remotos ou h\u00edbridos, o canal tamb\u00e9m importa. H\u00e1 orienta\u00e7\u00f5es complementares no conte\u00fado sobre <a href=\"https:\/\/www.habaut.com.br\/blog\/demissao-remota\/\" title=\"Ler cuidados para conduzir uma demiss\u00e3o remota de forma humana\" aria-label=\"Ler cuidados para conduzir uma demiss\u00e3o remota de forma humana\">demiss\u00e3o remota e preven\u00e7\u00e3o de transtornos<\/a>. O m\u00e9todo de comunica\u00e7\u00e3o n\u00e3o altera sozinho a validade jur\u00eddica do plano, mas pode reduzir ru\u00eddo, assimetria e sensa\u00e7\u00e3o de coer\u00e7\u00e3o.<\/p>\n<h2>A decis\u00e3o do TST vale para qualquer PDV?<\/h2>\n<p>N\u00e3o. A not\u00edcia recente \u00e9 relevante porque mostra um efeito poss\u00edvel e concreto: a ades\u00e3o posterior alcan\u00e7ou uma a\u00e7\u00e3o de horas extras j\u00e1 em curso. Por\u00e9m, a pr\u00f3pria base usada no julgamento aponta condi\u00e7\u00f5es. \u00c9 preciso verificar a negocia\u00e7\u00e3o coletiva, a previs\u00e3o expressa de quita\u00e7\u00e3o ampla e os demais instrumentos assinados.<\/p>\n<p>Tamb\u00e9m n\u00e3o se deve confundir \u201co tribunal reconheceu quita\u00e7\u00e3o neste processo\u201d com \u201choras extras podem sempre ser renunciadas por qualquer documento\u201d. O enquadramento coletivo e a transa\u00e7\u00e3o do contrato foram determinantes. Quest\u00f5es como fraude, coa\u00e7\u00e3o, falha de informa\u00e7\u00e3o, ressalva expressa ou natureza de direito indispon\u00edvel precisam de avalia\u00e7\u00e3o jur\u00eddica pr\u00f3pria.<\/p>\n<h2>Perguntas frequentes<\/h2>\n<h3>Assinar PDV faz o trabalhador perder todos os direitos?<\/h3>\n<p>N\u00e3o \u00e9 correto responder de forma autom\u00e1tica. Um plano previsto em acordo ou conven\u00e7\u00e3o coletiva, com quita\u00e7\u00e3o ampla expressa, pode alcan\u00e7ar os direitos da rela\u00e7\u00e3o de emprego, salvo disposi\u00e7\u00e3o contr\u00e1ria. Fora dessas condi\u00e7\u00f5es ou diante de ressalvas e problemas de consentimento, a an\u00e1lise pode ser diferente.<\/p>\n<h3>Uma a\u00e7\u00e3o ajuizada antes do PDV fica protegida?<\/h3>\n<p>N\u00e3o necessariamente. O caso divulgado pelo TST mostra que uma ades\u00e3o posterior pode afetar uma a\u00e7\u00e3o j\u00e1 aberta. O resultado depende do conte\u00fado dos instrumentos, da base coletiva e das circunst\u00e2ncias do processo.<\/p>\n<h3>O trabalhador precisa assinar o PDV na hora?<\/h3>\n<p>Um programa volunt\u00e1rio deve permitir decis\u00e3o informada dentro das regras estabelecidas. Pedir a \u00edntegra dos documentos, mem\u00f3ria de c\u00e1lculo e tempo para orienta\u00e7\u00e3o independente \u00e9 uma cautela b\u00e1sica. Press\u00e3o, amea\u00e7a ou informa\u00e7\u00e3o incompleta merecem registro e an\u00e1lise profissional.<\/p>\n<h3>O RH pode dizer que a empresa nunca mais ser\u00e1 processada?<\/h3>\n<p>N\u00e3o deveria prometer isso. Mesmo quando existe cl\u00e1usula de quita\u00e7\u00e3o ampla, podem surgir discuss\u00f5es sobre alcance, validade, ressalvas e fatos espec\u00edficos. O papel do RH \u00e9 explicar o processo com precis\u00e3o e acionar o jur\u00eddico para afirma\u00e7\u00f5es sobre risco.<\/p>\n<h2>Conclus\u00e3o<\/h2>\n<p>O alerta do caso \u00e9 simples, mas n\u00e3o simplista: <strong>o PDV pode ser mais do que uma indeniza\u00e7\u00e3o de sa\u00edda<\/strong>. Quando h\u00e1 negocia\u00e7\u00e3o coletiva e quita\u00e7\u00e3o ampla expressa, a assinatura pode alcan\u00e7ar inclusive uma a\u00e7\u00e3o trabalhista j\u00e1 aberta.<\/p>\n<p>Para o trabalhador, isso exige comparar dinheiro recebido, direitos transacionados e processos existentes antes de aderir. Para o RH, exige linguagem clara, documentos completos e espa\u00e7o real para orienta\u00e7\u00e3o independente. Se a decis\u00e3o de sa\u00edda j\u00e1 est\u00e1 sobre a mesa, tamb\u00e9m vale revisar as diferen\u00e7as entre o plano e um <a href=\"https:\/\/www.habaut.com.br\/blog\/qual-a-melhor-forma-de-como-pedir-demissao\/\" title=\"Entender como pedir demiss\u00e3o e organizar uma sa\u00edda profissional\" aria-label=\"Entender como pedir demiss\u00e3o e organizar uma sa\u00edda profissional\">pedido de demiss\u00e3o comum<\/a>.<\/p>\n<p><em>\u00daltima revis\u00e3o editorial: 5 de setembro de 2026. O texto considera a not\u00edcia oficial do TST de 21 de agosto de 2026, a tese do Tema 152 do STF e o artigo 477-B da CLT.<\/em><\/p>\n","protected":false},"excerpt":{"rendered":"<p>Um PDV com quita\u00e7\u00e3o total pode alcan\u00e7ar at\u00e9 a\u00e7\u00e3o j\u00e1 aberta. Veja os limites da decis\u00e3o do TST e o que trabalhador e RH devem conferir.<\/p>\n","protected":false},"author":1,"featured_media":5226,"comment_status":"closed","ping_status":"open","sticky":false,"template":"","format":"standard","meta":{"footnotes":""},"categories":[81],"tags":[1229,953,1279,1278,1250],"class_list":["post-5227","post","type-post","status-publish","format-standard","has-post-thumbnail","category-gestao-de-pessoas","tag-demissao","tag-direitos-trabalhistas","tag-horas-extras","tag-pdv","tag-relacoes-de-trabalho"],"_links":{"self":[{"href":"https:\/\/www.habaut.com.br\/blog\/wp-json\/wp\/v2\/posts\/5227","targetHints":{"allow":["GET"]}}],"collection":[{"href":"https:\/\/www.habaut.com.br\/blog\/wp-json\/wp\/v2\/posts"}],"about":[{"href":"https:\/\/www.habaut.com.br\/blog\/wp-json\/wp\/v2\/types\/post"}],"author":[{"embeddable":true,"href":"https:\/\/www.habaut.com.br\/blog\/wp-json\/wp\/v2\/users\/1"}],"replies":[{"embeddable":true,"href":"https:\/\/www.habaut.com.br\/blog\/wp-json\/wp\/v2\/comments?post=5227"}],"version-history":[{"count":0,"href":"https:\/\/www.habaut.com.br\/blog\/wp-json\/wp\/v2\/posts\/5227\/revisions"}],"wp:featuredmedia":[{"embeddable":true,"href":"https:\/\/www.habaut.com.br\/blog\/wp-json\/wp\/v2\/media\/5226"}],"wp:attachment":[{"href":"https:\/\/www.habaut.com.br\/blog\/wp-json\/wp\/v2\/media?parent=5227"}],"wp:term":[{"taxonomy":"category","embeddable":true,"href":"https:\/\/www.habaut.com.br\/blog\/wp-json\/wp\/v2\/categories?post=5227"},{"taxonomy":"post_tag","embeddable":true,"href":"https:\/\/www.habaut.com.br\/blog\/wp-json\/wp\/v2\/tags?post=5227"}],"curies":[{"name":"wp","href":"https:\/\/api.w.org\/{rel}","templated":true}]}}