{"id":5235,"date":"2026-09-06T13:28:32","date_gmt":"2026-09-06T16:28:32","guid":{"rendered":"https:\/\/www.habaut.com.br\/blog\/?p=5235"},"modified":"2026-09-06T13:28:32","modified_gmt":"2026-09-06T16:28:32","slug":"trabalho-escravo-domestico-lista-suja","status":"publish","type":"post","link":"https:\/\/www.habaut.com.br\/blog\/trabalho-escravo-domestico-lista-suja\/","title":{"rendered":"Trabalho escravo dom\u00e9stico: 40 anos e volta \u00e0 lista suja"},"content":{"rendered":"<p><strong>Trabalho escravo dom\u00e9stico voltou ao centro do debate depois que o TST restabeleceu, de forma provis\u00f3ria, a inclus\u00e3o de uma empregadora no cadastro conhecido como \u201clista suja\u201d. O caso envolve uma mulher resgatada em 2023 ap\u00f3s trabalhar por cerca de 40 anos na mesma resid\u00eancia e exige duas cautelas: n\u00e3o reduzir explora\u00e7\u00e3o a uma hist\u00f3ria de fam\u00edlia e n\u00e3o tratar uma decis\u00e3o cautelar como julgamento definitivo.<\/strong><\/p>\n<div style=\"background:#f8fafc; border:1px solid #cbd5e1; border-radius:12px; padding:16px 18px; margin:20px 0;\">\n<p style=\"margin:0 0 10px; font-size:20px; font-weight:700; color:#1f2937;\">Resumo r\u00e1pido<\/p>\n<ul style=\"margin:0; padding-left:20px;\">\n<li>O TST restabeleceu cautelarmente a inclus\u00e3o no cadastro enquanto o processo continua. <strong>O m\u00e9rito ainda est\u00e1 em discuss\u00e3o.<\/strong><\/li>\n<li>Trabalho em condi\u00e7\u00e3o an\u00e1loga \u00e0 de escravo n\u00e3o depende apenas de c\u00e1rcere. Trabalho for\u00e7ado, jornada exaustiva, condi\u00e7\u00f5es degradantes e restri\u00e7\u00e3o de locomo\u00e7\u00e3o s\u00e3o hip\u00f3teses legais alternativas.<\/li>\n<li>A express\u00e3o \u201cera da fam\u00edlia\u201d n\u00e3o substitui sal\u00e1rio, descanso, documentos, autonomia e prote\u00e7\u00e3o.<\/li>\n<li>Em 2026, uma nova lei ampliou medidas de acolhimento e prote\u00e7\u00e3o para pessoas resgatadas, com aten\u00e7\u00e3o espec\u00edfica ao trabalho dom\u00e9stico.<\/li>\n<\/ul>\n<\/div>\n<h2>Trabalho escravo dom\u00e9stico e lista suja: o que aconteceu?<\/h2>\n<p>Em 5 de setembro de 2026, o <a href=\"https:\/\/www.tst.jus.br\/-\/tst-restabelece-inclusao-de-empregador-domestico-na-lista-suja-do-trabalho-escravo\" title=\"Not\u00edcia oficial do TST sobre o restabelecimento cautelar da inclus\u00e3o no cadastro\" aria-label=\"Ler a not\u00edcia oficial do TST sobre o restabelecimento cautelar da inclus\u00e3o no cadastro\" target=\"_blank\" rel=\"nofollow noopener noreferrer\">Tribunal Superior do Trabalho informou<\/a> que seu presidente acolheu um pedido da Advocacia-Geral da Uni\u00e3o e restabeleceu a inclus\u00e3o de uma empregadora dom\u00e9stica no cadastro federal.<\/p>\n<p>A medida suspendeu provisoriamente uma decis\u00e3o do Tribunal Regional do Trabalho da 12\u00aa Regi\u00e3o, que havia anulado o processo administrativo por uma discuss\u00e3o sobre a forma de intima\u00e7\u00e3o. Segundo a comunica\u00e7\u00e3o do TST, a inclus\u00e3o permanece enquanto o processo judicial segue seu curso.<\/p>\n<blockquote style=\"border-left:4px solid #0b6bcb; margin:18px 0; padding:14px 18px; background:#f3f8ff; color:#1f2933;\"><p>\n  <strong>Cuidado com a conclus\u00e3o:<\/strong> a decis\u00e3o \u00e9 cautelar. Ela preserva os efeitos da autua\u00e7\u00e3o neste momento, mas n\u00e3o encerra a controv\u00e9rsia nem equivale a uma condena\u00e7\u00e3o criminal definitiva. O processo tramita sob sigilo para proteger dados pessoais, m\u00e9dicos e familiares.\n<\/p><\/blockquote>\n<p>O que torna o caso t\u00e3o dif\u00edcil de ignorar \u00e9 a dura\u00e7\u00e3o. A not\u00edcia oficial registra que a mulher, resgatada em 2023, trabalhou por aproximadamente quatro d\u00e9cadas na resid\u00eancia da fam\u00edlia. Os fatos administrativos divulgados incluem aus\u00eancia de sal\u00e1rio e de direitos b\u00e1sicos, isolamento e forte depend\u00eancia.<\/p>\n<p>A defesa sustenta uma rela\u00e7\u00e3o afetiva e familiar. Esse argumento faz parte da disputa e n\u00e3o deve ser apagado do relato. Mas tamb\u00e9m n\u00e3o pode funcionar como resposta autom\u00e1tica a fatos objetivos de trabalho, moradia, remunera\u00e7\u00e3o e autonomia.<\/p>\n<h2>Por que dizer \u201cera da fam\u00edlia\u201d n\u00e3o resolve o problema?<\/h2>\n<p>Afeto alegado e rela\u00e7\u00e3o de trabalho podem coexistir. Uma pessoa pode morar com uma fam\u00edlia, criar v\u00ednculos e ainda executar tarefas dom\u00e9sticas cont\u00ednuas sem receber os direitos correspondentes. Por isso, a an\u00e1lise respons\u00e1vel olha menos para o r\u00f3tulo e mais para o cotidiano.<\/p>\n<p><strong>Ser tratado como parte da fam\u00edlia n\u00e3o elimina o direito a sal\u00e1rio, descanso, documenta\u00e7\u00e3o, liberdade de sair e acesso \u00e0 pr\u00f3pria rede de apoio.<\/strong> Quando a pessoa depende integralmente da casa onde trabalha, n\u00e3o conhece alternativas e vive isolada, at\u00e9 uma aparente escolha precisa ser examinada dentro dessa vulnerabilidade.<\/p>\n<p>Esse ponto tamb\u00e9m ajuda a entender por que o trabalho escravo dom\u00e9stico costuma permanecer invis\u00edvel por anos. A resid\u00eancia \u00e9 um espa\u00e7o privado, a fiscaliza\u00e7\u00e3o encontra barreiras de acesso e vizinhos ou parentes podem interpretar jornadas cont\u00ednuas como \u201cajuda\u201d ou \u201ccostume da casa\u201d.<\/p>\n<div style=\"background:#fffaf0; border:1px solid #f2d28b; border-radius:12px; padding:16px 18px; margin:20px 0;\">\n<p style=\"margin:0 0 8px; font-size:19px; font-weight:700; color:#6b4f10;\">Pergunta que muda a leitura<\/p>\n<p style=\"margin:0;\">Se a pessoa pudesse escolher com informa\u00e7\u00e3o, renda pr\u00f3pria, documentos, descanso e uma rede segura fora daquela casa, ela manteria a mesma rotina? A resposta n\u00e3o fecha um caso jur\u00eddico, mas ajuda a enxergar a diferen\u00e7a entre v\u00ednculo afetivo e depend\u00eancia explorada.<\/p>\n<\/div>\n<h2>O que caracteriza condi\u00e7\u00e3o an\u00e1loga \u00e0 de escravo?<\/h2>\n<p>O <a href=\"https:\/\/www.gov.br\/trabalho-e-emprego\/pt-br\/assuntos\/inspecao-do-trabalho\/areas-de-atuacao\/combate-ao-trabalho-escravo-e-analogo-ao-de-escravo\" title=\"Crit\u00e9rios oficiais do Minist\u00e9rio do Trabalho e Emprego sobre trabalho em condi\u00e7\u00e3o an\u00e1loga \u00e0 de escravo\" aria-label=\"Consultar os crit\u00e9rios oficiais do Minist\u00e9rio do Trabalho e Emprego sobre trabalho em condi\u00e7\u00e3o an\u00e1loga \u00e0 de escravo\" target=\"_blank\" rel=\"nofollow noopener noreferrer\">Minist\u00e9rio do Trabalho e Emprego<\/a> explica que a configura\u00e7\u00e3o pode decorrer de uma ou mais situa\u00e7\u00f5es: trabalho for\u00e7ado, jornada exaustiva, condi\u00e7\u00f5es degradantes ou restri\u00e7\u00e3o de locomo\u00e7\u00e3o. A vigil\u00e2ncia para reter a pessoa e a posse de documentos ou objetos pessoais com essa finalidade tamb\u00e9m aparecem entre os elementos relevantes.<\/p>\n<p>Isso corrige um erro comum: imaginar que s\u00f3 existe escravid\u00e3o contempor\u00e2nea quando h\u00e1 correntes ou uma porta trancada. <strong>A coer\u00e7\u00e3o pode ser f\u00edsica, econ\u00f4mica, psicol\u00f3gica ou constru\u00edda por depend\u00eancia extrema.<\/strong><\/p>\n<table style=\"width:100%; border-collapse:collapse; margin:22px 0; font-size:15px;\">\n<thead>\n<tr>\n<th style=\"border:1px solid #dbe3ea; background:#eef3f7; padding:10px; text-align:left;\">Situa\u00e7\u00e3o observ\u00e1vel<\/th>\n<th style=\"border:1px solid #dbe3ea; background:#eef3f7; padding:10px; text-align:left;\">O que ela pode indicar<\/th>\n<th style=\"border:1px solid #dbe3ea; background:#eef3f7; padding:10px; text-align:left;\">Cuidado na avalia\u00e7\u00e3o<\/th>\n<\/tr>\n<\/thead>\n<tbody>\n<tr>\n<td style=\"border:1px solid #dbe3ea; padding:10px;\">Aus\u00eancia prolongada de sal\u00e1rio, f\u00e9rias e descanso<\/td>\n<td style=\"border:1px solid #dbe3ea; padding:10px;\">Viola\u00e7\u00e3o trabalhista grave e poss\u00edvel explora\u00e7\u00e3o continuada<\/td>\n<td style=\"border:1px solid #dbe3ea; padding:10px;\">Um direito descumprido, isoladamente, n\u00e3o permite ao leitor dar uma classifica\u00e7\u00e3o penal<\/td>\n<\/tr>\n<tr>\n<td style=\"border:1px solid #dbe3ea; padding:10px;\">Documentos retidos, sa\u00edda controlada ou vigil\u00e2ncia<\/td>\n<td style=\"border:1px solid #dbe3ea; padding:10px;\">Poss\u00edvel restri\u00e7\u00e3o de locomo\u00e7\u00e3o e autonomia<\/td>\n<td style=\"border:1px solid #dbe3ea; padding:10px;\">Priorize seguran\u00e7a e canais oficiais em vez de confronto improvisado<\/td>\n<\/tr>\n<tr>\n<td style=\"border:1px solid #dbe3ea; padding:10px;\">Moradia prec\u00e1ria, alimenta\u00e7\u00e3o insuficiente ou exposi\u00e7\u00e3o cont\u00ednua a risco<\/td>\n<td style=\"border:1px solid #dbe3ea; padding:10px;\">Poss\u00edvel condi\u00e7\u00e3o degradante<\/td>\n<td style=\"border:1px solid #dbe3ea; padding:10px;\">O contexto completo e a fiscaliza\u00e7\u00e3o determinam o enquadramento<\/td>\n<\/tr>\n<tr>\n<td style=\"border:1px solid #dbe3ea; padding:10px;\">Isolamento, depend\u00eancia total e dificuldade de comunica\u00e7\u00e3o<\/td>\n<td style=\"border:1px solid #dbe3ea; padding:10px;\">Vulnerabilidade que pode reduzir escolhas reais<\/td>\n<td style=\"border:1px solid #dbe3ea; padding:10px;\">Escute sem pressionar e acione atendimento habilitado<\/td>\n<\/tr>\n<\/tbody>\n<\/table>\n<p>A tabela n\u00e3o \u00e9 um teste para diagnosticar um crime. Ela serve como triagem de risco. A apura\u00e7\u00e3o cabe \u00e0 inspe\u00e7\u00e3o do trabalho, ao Minist\u00e9rio P\u00fablico, \u00e0 pol\u00edcia e ao Judici\u00e1rio, cada qual dentro de sua compet\u00eancia.<\/p>\n<h2>O que \u00e9 a lista suja do trabalho escravo?<\/h2>\n<p>A chamada lista suja \u00e9 o Cadastro de Empregadores que tenham submetido trabalhadores a condi\u00e7\u00f5es an\u00e1logas \u00e0 de escravo. Ela \u00e9 mantida pelo governo federal e funciona como instrumento de transpar\u00eancia ap\u00f3s a conclus\u00e3o do processo administrativo correspondente.<\/p>\n<p>O cadastro ajuda empresas, institui\u00e7\u00f5es financeiras e a sociedade a avaliar riscos em rela\u00e7\u00f5es comerciais. Ao mesmo tempo, a inclus\u00e3o est\u00e1 sujeita a regras administrativas, contradit\u00f3rio e controle judicial. <strong>Estar no cadastro n\u00e3o \u00e9 sin\u00f4nimo autom\u00e1tico de condena\u00e7\u00e3o criminal definitiva.<\/strong><\/p>\n<p>No caso divulgado agora, o centro da discuss\u00e3o cautelar \u00e9 justamente a continuidade dos efeitos da autua\u00e7\u00e3o enquanto o Judici\u00e1rio analisa a validade do processo administrativo. Essa distin\u00e7\u00e3o permite informar a consequ\u00eancia real sem criar um julgamento paralelo.<\/p>\n<h2>O que a Lei 15.455\/2026 mudou na prote\u00e7\u00e3o?<\/h2>\n<p>A <a href=\"https:\/\/www.planalto.gov.br\/ccivil_03\/_ato2023-2026\/2026\/lei\/l15455.htm\" title=\"Texto oficial da Lei 15.455 de 2026 sobre prote\u00e7\u00e3o a pessoas resgatadas\" aria-label=\"Ler o texto oficial da Lei 15.455 de 2026 sobre prote\u00e7\u00e3o a pessoas resgatadas\" target=\"_blank\" rel=\"nofollow noopener noreferrer\">Lei 15.455, sancionada em 1\u00ba de julho de 2026<\/a>, criou medidas de prote\u00e7\u00e3o e acolhimento para pessoas resgatadas e deu aten\u00e7\u00e3o expl\u00edcita ao ambiente dom\u00e9stico.<\/p>\n<p>Entre as mudan\u00e7as est\u00e3o programas de acolhimento, reinser\u00e7\u00e3o e readapta\u00e7\u00e3o; prioridade no Bolsa Fam\u00edlia quando os crit\u00e9rios de elegibilidade forem atendidos; seis parcelas de seguro-desemprego no valor de um sal\u00e1rio m\u00ednimo para a pessoa identificada e resgatada em fiscaliza\u00e7\u00e3o; e previs\u00e3o de abrigo emergencial quando necess\u00e1rio.<\/p>\n<p>A lei tamb\u00e9m determina que, havendo ind\u00edcios de condi\u00e7\u00e3o an\u00e1loga \u00e0 de escravo ou outra viol\u00eancia dom\u00e9stica contra trabalhadora dom\u00e9stica, a autoridade policial comunique o fato \u00e0 unidade regional do MTE e ao Minist\u00e9rio P\u00fablico do Trabalho em at\u00e9 48 horas.<\/p>\n<blockquote style=\"border-left:4px solid #8a5a13; margin:18px 0; padding:14px 18px; background:#fff9ed; color:#3f321d;\"><p>\n  <strong>Prote\u00e7\u00e3o n\u00e3o termina no resgate:<\/strong> sair de uma situa\u00e7\u00e3o de depend\u00eancia extrema pode exigir moradia segura, renda, documenta\u00e7\u00e3o, cuidado em sa\u00fade, acessibilidade e reconstru\u00e7\u00e3o de v\u00ednculos. Sem essa rede, a liberdade formal pode n\u00e3o se transformar em autonomia real.\n<\/p><\/blockquote>\n<h2>Sinais de risco dentro de uma resid\u00eancia<\/h2>\n<p>O trabalho dom\u00e9stico tem caracter\u00edsticas pr\u00f3prias. A pessoa pode morar no local, cuidar de crian\u00e7as ou idosos e compartilhar momentos \u00edntimos da fam\u00edlia. Nada disso suspende direitos.<\/p>\n<p>Alguns sinais merecem aten\u00e7\u00e3o quando aparecem de forma persistente ou combinada:<\/p>\n<ul>\n<li>trabalho cont\u00ednuo sem remunera\u00e7\u00e3o regular e sem controle acess\u00edvel do que foi pago;<\/li>\n<li>aus\u00eancia de folgas, f\u00e9rias ou hor\u00e1rio em que a pessoa possa realmente dispor do pr\u00f3prio tempo;<\/li>\n<li>documentos pessoais mantidos por outra pessoa;<\/li>\n<li>proibi\u00e7\u00e3o ou dificuldade injustificada de sair, estudar, buscar sa\u00fade ou manter contato com parentes;<\/li>\n<li>moradia insalubre ou alimenta\u00e7\u00e3o condicionada \u00e0 obedi\u00eancia;<\/li>\n<li>amea\u00e7a, viol\u00eancia, humilha\u00e7\u00e3o ou promessa de abandono caso a pessoa questione a rotina;<\/li>\n<li>defici\u00eancia, idade, migra\u00e7\u00e3o ou baixa escolaridade exploradas para refor\u00e7ar depend\u00eancia.<\/li>\n<\/ul>\n<p>Tamb\u00e9m vale consultar informa\u00e7\u00f5es sobre a <a href=\"https:\/\/www.habaut.com.br\/blog\/carteira-de-trabalho-digital\/\" title=\"Guia Habaut sobre Carteira de Trabalho Digital e registros profissionais\" aria-label=\"Ler o guia Habaut sobre Carteira de Trabalho Digital e registros profissionais\">Carteira de Trabalho Digital<\/a>. A falta de registro \u00e9 uma irregularidade importante, embora o enquadramento como trabalho an\u00e1logo \u00e0 escravid\u00e3o dependa de um conjunto mais amplo de fatos.<\/p>\n<h2>Como buscar ajuda sem aumentar o risco?<\/h2>\n<p>Se voc\u00ea suspeita que algu\u00e9m esteja nessa situa\u00e7\u00e3o, o impulso de confrontar o respons\u00e1vel pode piorar o perigo ou provocar a remo\u00e7\u00e3o da pessoa antes da chegada das autoridades. O primeiro crit\u00e9rio \u00e9 seguran\u00e7a.<\/p>\n<div style=\"background:#f4fbf7; border:1px solid #cfe5d8; border-radius:12px; padding:16px 18px; margin:20px 0;\">\n<p style=\"margin:0 0 10px; font-size:19px; font-weight:700; color:#23533b;\">Fluxo seguro em cinco passos<\/p>\n<ol style=\"margin:0; padding-left:20px;\">\n<li><strong>Observe sem investigar por conta pr\u00f3pria:<\/strong> registre apenas informa\u00e7\u00f5es \u00e0s quais voc\u00ea teve acesso leg\u00edtimo.<\/li>\n<li><strong>Escute sem prometer uma solu\u00e7\u00e3o imediata:<\/strong> n\u00e3o pressione a pessoa a relatar tudo de uma vez.<\/li>\n<li><strong>Avalie urg\u00eancia:<\/strong> em risco imediato de viol\u00eancia, acione a emerg\u00eancia policial pelo 190.<\/li>\n<li><strong>Use um canal oficial:<\/strong> a den\u00fancia trabalhista pode ser feita pelo <a href=\"https:\/\/ipe.sit.trabalho.gov.br\/\" title=\"Sistema Ip\u00ea para den\u00fancia oficial de trabalho em condi\u00e7\u00e3o an\u00e1loga \u00e0 de escravo\" aria-label=\"Acessar o Sistema Ip\u00ea para den\u00fancia oficial de trabalho em condi\u00e7\u00e3o an\u00e1loga \u00e0 de escravo\" target=\"_blank\" rel=\"nofollow noopener noreferrer\">Sistema Ip\u00ea da Inspe\u00e7\u00e3o do Trabalho<\/a>.<\/li>\n<li><strong>Preserve a dignidade:<\/strong> n\u00e3o publique nome, foto, endere\u00e7o ou relato \u00edntimo em redes sociais.<\/li>\n<\/ol>\n<\/div>\n<p>Quem recebe uma den\u00fancia dentro de uma empresa, sindicato, servi\u00e7o de sa\u00fade ou rede comunit\u00e1ria tamb\u00e9m precisa evitar improvisos. Protocolar o relato, limitar o acesso aos dados, encaminhar para profissionais habilitados e respeitar necessidades de acessibilidade s\u00e3o passos mais \u00fateis do que tentar obter uma \u201cconfiss\u00e3o\u201d perfeita.<\/p>\n<p>Conte\u00fados sobre <a href=\"https:\/\/www.habaut.com.br\/blog\/assedio-moral-como-prevenir-e-tratar-denuncias\/\" title=\"Orienta\u00e7\u00f5es Habaut para prevenir ass\u00e9dio moral e tratar den\u00fancias\" aria-label=\"Ler orienta\u00e7\u00f5es Habaut para prevenir ass\u00e9dio moral e tratar den\u00fancias\">tratamento respons\u00e1vel de den\u00fancias de ass\u00e9dio<\/a> e <a href=\"https:\/\/www.habaut.com.br\/blog\/importancia-de-promover-a-diversidade-nas-empresas\/\" title=\"Artigo Habaut sobre diversidade, inclus\u00e3o e respeito no trabalho\" aria-label=\"Ler o artigo Habaut sobre diversidade, inclus\u00e3o e respeito no trabalho\">diversidade e inclus\u00e3o no trabalho<\/a> ajudam a estruturar escuta, confidencialidade e prote\u00e7\u00e3o contra retalia\u00e7\u00e3o.<\/p>\n<h2>O papel de empregadores, fam\u00edlias e lideran\u00e7as<\/h2>\n<p>Trabalho dom\u00e9stico digno come\u00e7a com contrato claro, registro, pagamento correto, jornada, descanso, respeito e liberdade. A proximidade afetiva n\u00e3o autoriza informalidade permanente nem transforma direitos em favor.<\/p>\n<p>Para familiares e pessoas pr\u00f3ximas, a pergunta desconfort\u00e1vel \u00e9 necess\u00e1ria: existe algu\u00e9m na casa cuja sobreviv\u00eancia depende inteiramente de obedecer, sem renda pr\u00f3pria, documentos acess\u00edveis ou vida fora do trabalho? Se a resposta for sim, o problema n\u00e3o deve ser administrado apenas como conflito privado.<\/p>\n<p>Em situa\u00e7\u00f5es com amea\u00e7a, viol\u00eancia ou medida protetiva, veja tamb\u00e9m o guia sobre <a href=\"https:\/\/www.habaut.com.br\/blog\/demissao-medida-protetiva\/\" title=\"Guia Habaut sobre trabalho, viol\u00eancia dom\u00e9stica e medida protetiva\" aria-label=\"Ler o guia Habaut sobre trabalho, viol\u00eancia dom\u00e9stica e medida protetiva\">trabalho e medida protetiva<\/a>. O texto ajuda a separar prote\u00e7\u00e3o urgente, confidencialidade e decis\u00f5es trabalhistas.<\/p>\n<h2>Perguntas frequentes<\/h2>\n<h3>Trabalho sem carteira \u00e9 trabalho escravo?<\/h3>\n<p>N\u00e3o automaticamente. A falta de registro \u00e9 uma irregularidade trabalhista, mas a condi\u00e7\u00e3o an\u00e1loga \u00e0 de escravo depende dos crit\u00e9rios legais, como trabalho for\u00e7ado, jornada exaustiva, condi\u00e7\u00e3o degradante ou restri\u00e7\u00e3o de locomo\u00e7\u00e3o. Um conjunto de sinais deve ser levado \u00e0s autoridades para apura\u00e7\u00e3o.<\/p>\n<h3>A pessoa precisa estar presa para o crime existir?<\/h3>\n<p>N\u00e3o. O MTE deixa claro que as hip\u00f3teses s\u00e3o alternativas e podem aparecer isoladamente. Restri\u00e7\u00e3o f\u00edsica \u00e9 uma possibilidade, mas jornada exaustiva e condi\u00e7\u00f5es degradantes tamb\u00e9m podem caracterizar a situa\u00e7\u00e3o, conforme os fatos apurados.<\/p>\n<h3>O que significa estar na lista suja?<\/h3>\n<p>Significa que o nome foi inclu\u00eddo em um cadastro administrativo federal ap\u00f3s o procedimento previsto para a autua\u00e7\u00e3o. O cadastro d\u00e1 transpar\u00eancia e apoia avalia\u00e7\u00e3o de risco, mas n\u00e3o deve ser confundido com condena\u00e7\u00e3o criminal definitiva.<\/p>\n<h3>\u00c9 poss\u00edvel denunciar sem se identificar?<\/h3>\n<p>O Sistema Ip\u00ea informa as op\u00e7\u00f5es e os dados necess\u00e1rios para encaminhar den\u00fancias \u00e0 Inspe\u00e7\u00e3o do Trabalho. Em uma situa\u00e7\u00e3o concreta, confira as orienta\u00e7\u00f5es do pr\u00f3prio canal e forne\u00e7a informa\u00e7\u00f5es verific\u00e1veis sem se expor a risco.<\/p>\n<h2>Um caso n\u00e3o pode virar espet\u00e1culo<\/h2>\n<p>O retorno provis\u00f3rio \u00e0 lista suja torna o caso atual, mas a relev\u00e2ncia vai al\u00e9m de uma disputa judicial. Ele mostra como depend\u00eancia, isolamento e linguagem afetiva podem tornar d\u00e9cadas de trabalho invis\u00edveis at\u00e9 para quem est\u00e1 perto.<\/p>\n<p><strong>A a\u00e7\u00e3o concreta \u00e9 simples: diante de sinais combinados, n\u00e3o normalize, n\u00e3o exponha a pessoa e n\u00e3o tente julgar sozinho.<\/strong> Consulte os crit\u00e9rios oficiais, preserve informa\u00e7\u00f5es obtidas de forma leg\u00edtima e use os canais de prote\u00e7\u00e3o. Compartilhar este guia com algu\u00e9m que recebe den\u00fancias ou atua em redes de cuidado pode ajudar a transformar suspeita em encaminhamento respons\u00e1vel.<\/p>\n<div style=\"background:#f8fafc; border:1px solid #dbe3ea; border-radius:12px; padding:14px 16px; margin:24px 0; color:#45515f; font-size:14px;\">\n<p style=\"margin:0;\"><strong>Nota editorial:<\/strong> conte\u00fado educativo revisado em 6 de setembro de 2026 com base em fontes oficiais do TST, MTE e Presid\u00eancia da Rep\u00fablica. A decis\u00e3o citada \u00e9 cautelar e o m\u00e9rito permanece em discuss\u00e3o. Situa\u00e7\u00f5es individuais exigem orienta\u00e7\u00e3o jur\u00eddica e atendimento institucional habilitado.<\/p>\n<\/div>\n","protected":false},"excerpt":{"rendered":"<p>TST restabelece inclus\u00e3o na lista suja em caso de trabalho escravo dom\u00e9stico. Entenda a decis\u00e3o, os sinais de risco e onde buscar ajuda oficial.<\/p>\n","protected":false},"author":1,"featured_media":5234,"comment_status":"closed","ping_status":"open","sticky":false,"template":"","format":"standard","meta":{"footnotes":""},"categories":[203,81,46],"tags":[595,953,985,1256,1250],"class_list":["post-5235","post","type-post","status-publish","format-standard","has-post-thumbnail","category-cultura-e-clima-organizacional","category-gestao-de-pessoas","category-rh-estrategico","tag-assedio-moral","tag-direitos-trabalhistas","tag-diversidade","tag-jornada-de-trabalho","tag-relacoes-de-trabalho"],"_links":{"self":[{"href":"https:\/\/www.habaut.com.br\/blog\/wp-json\/wp\/v2\/posts\/5235","targetHints":{"allow":["GET"]}}],"collection":[{"href":"https:\/\/www.habaut.com.br\/blog\/wp-json\/wp\/v2\/posts"}],"about":[{"href":"https:\/\/www.habaut.com.br\/blog\/wp-json\/wp\/v2\/types\/post"}],"author":[{"embeddable":true,"href":"https:\/\/www.habaut.com.br\/blog\/wp-json\/wp\/v2\/users\/1"}],"replies":[{"embeddable":true,"href":"https:\/\/www.habaut.com.br\/blog\/wp-json\/wp\/v2\/comments?post=5235"}],"version-history":[{"count":0,"href":"https:\/\/www.habaut.com.br\/blog\/wp-json\/wp\/v2\/posts\/5235\/revisions"}],"wp:featuredmedia":[{"embeddable":true,"href":"https:\/\/www.habaut.com.br\/blog\/wp-json\/wp\/v2\/media\/5234"}],"wp:attachment":[{"href":"https:\/\/www.habaut.com.br\/blog\/wp-json\/wp\/v2\/media?parent=5235"}],"wp:term":[{"taxonomy":"category","embeddable":true,"href":"https:\/\/www.habaut.com.br\/blog\/wp-json\/wp\/v2\/categories?post=5235"},{"taxonomy":"post_tag","embeddable":true,"href":"https:\/\/www.habaut.com.br\/blog\/wp-json\/wp\/v2\/tags?post=5235"}],"curies":[{"name":"wp","href":"https:\/\/api.w.org\/{rel}","templated":true}]}}